{"id":3394,"date":"2016-11-25T09:05:47","date_gmt":"2016-11-25T09:05:47","guid":{"rendered":"http:\/\/comunidadycambio.org\/nuevo\/?p=3394"},"modified":"2016-11-25T13:48:24","modified_gmt":"2016-11-25T13:48:24","slug":"poniendo-fin-a-la-violencia-contra-de-la-mujer-una-aproximacion-desde-lo-biblico","status":"publish","type":"post","link":"https:\/\/comunidadycambio.org\/nuevo\/poniendo-fin-a-la-violencia-contra-de-la-mujer-una-aproximacion-desde-lo-biblico\/","title":{"rendered":"Poniendo fin a la violencia contra de la mujer"},"content":{"rendered":"<p style=\"text-align: justify;\">Este recurso est\u00e1 dise\u00f1ado para ser usado por mujeres y hombres en nuestras iglesias que est\u00e1n interesados en una aproximaci\u00f3n b\u00edblica al tema de la violencia en contra de la mujer. As\u00ed como explorar como desde las escrituras podemos ser portavoces de esperanza y cambio.<\/p>\n<p style=\"text-align: justify;\">Provee gu\u00edas sobre pasajes que pueden ser usados para charlas, sermones, exposiciones dentro de los 16 d\u00edas de activismo para poner fin a la violencia en contra de la mujer que se conmemora desde el 25 de Noviembre al 10 de diciembre.<\/p>\n<p style=\"text-align: right;\"><a href=\"https:\/\/comunidadycambio.org\/nuevo\/wp-content\/uploads\/2016\/11\/Poniendo-fin-a-la-violencia-en-contra-de-la-mujer.-Una-aproximaci\u00f3n-desde-lo-b\u00edblico.-.pdf\" target=\"_blank\">Descargar el PDF<\/a><\/p>\n","protected":false},"excerpt":{"rendered":"<p>Este recurso est\u00e1 dise\u00f1ado para ser usado por mujeres y hombres en nuestras iglesias que est\u00e1n interesados en una aproximaci\u00f3n b\u00edblica al tema de la violencia en contra de la mujer. As\u00ed como explorar como desde las escrituras podemos ser portavoces de esperanza y cambio. Provee gu\u00edas sobre pasajes que pueden ser usados para charlas, [&hellip;]<\/p>\n","protected":false},"author":2,"featured_media":3403,"comment_status":"closed","ping_status":"closed","sticky":false,"template":"","format":"standard","meta":{"_et_pb_use_builder":"","_et_pb_old_content":"","_et_gb_content_width":"","_exactmetrics_skip_tracking":false,"_exactmetrics_sitenote_active":false,"_exactmetrics_sitenote_note":"","_exactmetrics_sitenote_category":0,"footnotes":""},"categories":[48,37],"tags":[61,60,56,62],"class_list":["post-3394","post","type-post","status-publish","format-standard","has-post-thumbnail","hentry","category-recursos","category-reflexion","tag-pdfs","tag-recurso-para-iglesias","tag-violencia-contra-la-mujer","tag-violencia-de-genero"],"_links":{"self":[{"href":"https:\/\/comunidadycambio.org\/nuevo\/wp-json\/wp\/v2\/posts\/3394","targetHints":{"allow":["GET"]}}],"collection":[{"href":"https:\/\/comunidadycambio.org\/nuevo\/wp-json\/wp\/v2\/posts"}],"about":[{"href":"https:\/\/comunidadycambio.org\/nuevo\/wp-json\/wp\/v2\/types\/post"}],"author":[{"embeddable":true,"href":"https:\/\/comunidadycambio.org\/nuevo\/wp-json\/wp\/v2\/users\/2"}],"replies":[{"embeddable":true,"href":"https:\/\/comunidadycambio.org\/nuevo\/wp-json\/wp\/v2\/comments?post=3394"}],"version-history":[{"count":0,"href":"https:\/\/comunidadycambio.org\/nuevo\/wp-json\/wp\/v2\/posts\/3394\/revisions"}],"wp:featuredmedia":[{"embeddable":true,"href":"https:\/\/comunidadycambio.org\/nuevo\/wp-json\/wp\/v2\/media\/3403"}],"wp:attachment":[{"href":"https:\/\/comunidadycambio.org\/nuevo\/wp-json\/wp\/v2\/media?parent=3394"}],"wp:term":[{"taxonomy":"category","embeddable":true,"href":"https:\/\/comunidadycambio.org\/nuevo\/wp-json\/wp\/v2\/categories?post=3394"},{"taxonomy":"post_tag","embeddable":true,"href":"https:\/\/comunidadycambio.org\/nuevo\/wp-json\/wp\/v2\/tags?post=3394"}],"curies":[{"name":"wp","href":"https:\/\/api.w.org\/{rel}","templated":true}]}}