{"id":3569,"date":"2017-01-12T15:16:25","date_gmt":"2017-01-12T15:16:25","guid":{"rendered":"http:\/\/comunidadycambio.org\/nuevo\/?p=3569"},"modified":"2017-01-12T15:16:25","modified_gmt":"2017-01-12T15:16:25","slug":"castigados-por-sus-dolores","status":"publish","type":"post","link":"https:\/\/comunidadycambio.org\/nuevo\/castigados-por-sus-dolores\/","title":{"rendered":"Castigados por sus dolores"},"content":{"rendered":"<p style=\"text-align: justify;\">Se pretende reabrir el debate de la baja de la edad de la imputabilidad. La idea es acusar, encerrar y castigar, para que \u201creflexionen\u201d porque \u201cellos son los que tienen que cambiar\u201d. \u00bfEllos son los que tienen que cambiar? Nos olvidamos adem\u00e1s que esos ni\u00f1os y adolescentes ya son acusados por quienes no dejan de mirarlos con desconfianza, no estiman un segundo en echarle la culpa de todos los males; son encerrados o delimitados a ciertos barrios, espacios y escuelas; son castigados por el sistema hostil, por personas que los maltratan, los miran con prejuicio, con odio y muchas veces son muertos por la violencia, las drogas y el hambre.<\/p>\n<p style=\"text-align: justify;\">Pero tambi\u00e9n son esos ojos que chispean, miradas profundas, brazos que no se cansan de abrazar, manos con tanta vida. Pasos fuertes, constantes, y detenidos.<\/p>\n<p style=\"text-align: justify;\">Son ellos que encuentran el dolor. Sienten temor de gritos, de silencios, de ausencias y horribles presencias.<\/p>\n<p style=\"text-align: justify;\">Son ellos que se arriesgan a salir, sobrevivir, a cuidar de otros, pedir ayuda, compartir lo que poquito tienen, preguntar lo que nadie se anima.<\/p>\n<p style=\"text-align: justify;\">Son ellos, que tienen deseo esfumado en el adi\u00f3s, opacado por el dolor, que otros le pusieron nombres, que el olvido dej\u00f3 un nunca pudo ser y se olvid\u00f3 de quien es.<\/p>\n<p style=\"text-align: justify;\">Ni\u00f1os y adolescentes que las personas miran como culpables, sin preguntarles \u00bfD\u00f3nde est\u00e1 tu pesar? \u00bfC\u00f3mo poderte ayudar?<\/p>\n<p style=\"text-align: justify;\">Encerrar ni\u00f1os, adolescentes y con ellos sus sue\u00f1os, dolores, miedos e historias, solo nos aleja de nuestra humanidad, de nuestra tarea de cuidado de unos con otros. Una cantautora latinoamericana nos dice:<\/p>\n<p style=\"text-align: center;\">\u201c<em>Es honra de los hombres proteger lo que crece,\u00a0<\/em><em><br \/>\ncuidar que no haya infancia dispersa por las calles,<br \/>\nevitar que naufrague su coraz\u00f3n de barco,<br \/>\nsu incre\u00edble aventura de pan y chocolate.<br \/>\n\u2026Pobre del que ha olvidado que hay un ni\u00f1o en la calle,<br \/>\nque hay millones de ni\u00f1os que viven en la calle\u2026<br \/>\nyo los veo apretando su coraz\u00f3n peque\u00f1o.<br \/>\nMir\u00e1ndonos a todos con fabula en los ojos,<br \/>\nun rel\u00e1mpago trunco les cruza la mirada,<br \/>\nporque nadie protege a esa vida que crece,<br \/>\ny el amor se ha perdido..<\/em>.\u201d<\/p>\n<p>&nbsp;<\/p>\n<p style=\"text-align: justify;\">Se decide encerrarlos como culpables y castigarlos por sus dolores. \u00bfQu\u00e9 responsabilidad estamos dejando de lado como adultos? \u00bfCu\u00e1ntas heridas dejamos abiertas? \u00bfCu\u00e1nta tristeza les hemos causado? \u00bfCu\u00e1ntas veces les damos la espalda?<\/p>\n<p style=\"text-align: justify;\">Ni\u00f1o, ni\u00f1a, adolescente con nombre y con historia, con luz y con memoria, que Jes\u00fas puso en el centro, como ejemplo y bajo nuestra responsabilidad de cuidado, amor, ense\u00f1anza y compa\u00f1\u00eda. \u00bfC\u00f3mo te puedo ayudar? \u00bfC\u00f3mo podemos ser fuente de alivio y esperanza en tanta desesperaci\u00f3n que tienen que vivir? \u00bfC\u00f3mo traer una libertad verdadera desde ahora y evitar que sigan siendo encerrados? Que el Dios de amor que es base de nuestra fe nos devuelva una mirada de compasi\u00f3n y esperanza.<\/p>\n<p style=\"text-align: right;\">Por: Aylen Tymoszczuk. \u00a0Psic\u00f3loga<\/p>\n<p>&nbsp;<\/p>\n<p>&nbsp;<\/p>\n<p>&nbsp;<\/p>\n","protected":false},"excerpt":{"rendered":"<p>Se pretende reabrir el debate de la baja de la edad de la imputabilidad. La idea es acusar, encerrar y castigar, para que \u201creflexionen\u201d porque \u201cellos son los que tienen que cambiar\u201d. \u00bfEllos son los que tienen que cambiar? Nos olvidamos adem\u00e1s que esos ni\u00f1os y adolescentes ya son acusados por quienes no dejan de [&hellip;]<\/p>\n","protected":false},"author":2,"featured_media":3570,"comment_status":"closed","ping_status":"closed","sticky":false,"template":"","format":"standard","meta":{"_et_pb_use_builder":"","_et_pb_old_content":"","_et_gb_content_width":"","_exactmetrics_skip_tracking":false,"_exactmetrics_sitenote_active":false,"_exactmetrics_sitenote_note":"","_exactmetrics_sitenote_category":0,"footnotes":""},"categories":[37],"tags":[83,84],"class_list":["post-3569","post","type-post","status-publish","format-standard","has-post-thumbnail","hentry","category-reflexion","tag-baja-de-la-edad-de-la-imputabilidad","tag-ninez-y-adolescencia"],"_links":{"self":[{"href":"https:\/\/comunidadycambio.org\/nuevo\/wp-json\/wp\/v2\/posts\/3569","targetHints":{"allow":["GET"]}}],"collection":[{"href":"https:\/\/comunidadycambio.org\/nuevo\/wp-json\/wp\/v2\/posts"}],"about":[{"href":"https:\/\/comunidadycambio.org\/nuevo\/wp-json\/wp\/v2\/types\/post"}],"author":[{"embeddable":true,"href":"https:\/\/comunidadycambio.org\/nuevo\/wp-json\/wp\/v2\/users\/2"}],"replies":[{"embeddable":true,"href":"https:\/\/comunidadycambio.org\/nuevo\/wp-json\/wp\/v2\/comments?post=3569"}],"version-history":[{"count":0,"href":"https:\/\/comunidadycambio.org\/nuevo\/wp-json\/wp\/v2\/posts\/3569\/revisions"}],"wp:featuredmedia":[{"embeddable":true,"href":"https:\/\/comunidadycambio.org\/nuevo\/wp-json\/wp\/v2\/media\/3570"}],"wp:attachment":[{"href":"https:\/\/comunidadycambio.org\/nuevo\/wp-json\/wp\/v2\/media?parent=3569"}],"wp:term":[{"taxonomy":"category","embeddable":true,"href":"https:\/\/comunidadycambio.org\/nuevo\/wp-json\/wp\/v2\/categories?post=3569"},{"taxonomy":"post_tag","embeddable":true,"href":"https:\/\/comunidadycambio.org\/nuevo\/wp-json\/wp\/v2\/tags?post=3569"}],"curies":[{"name":"wp","href":"https:\/\/api.w.org\/{rel}","templated":true}]}}