{"id":3582,"date":"2017-02-22T23:48:48","date_gmt":"2017-02-22T23:48:48","guid":{"rendered":"http:\/\/comunidadycambio.org\/nuevo\/?p=3582"},"modified":"2017-02-22T23:48:48","modified_gmt":"2017-02-22T23:48:48","slug":"curso-virtual-facilitadores-para-el-cambio-4","status":"publish","type":"post","link":"https:\/\/comunidadycambio.org\/nuevo\/curso-virtual-facilitadores-para-el-cambio-4\/","title":{"rendered":"Curso Virtual Facilitadores para el Cambio"},"content":{"rendered":"<p>&nbsp;<br \/>\n<img decoding=\"async\" class=\"aligncenter wp-image-3586 size-full lazyload\" data-src=\"https:\/\/comunidadycambio.org\/nuevo\/wp-content\/uploads\/2017\/02\/16839422_10209820781570986_870890883_n.jpg\" alt=\"16839422_10209820781570986_870890883_n\" width=\"679\" height=\"960\" data-srcset=\"https:\/\/comunidadycambio.org\/nuevo\/wp-content\/uploads\/2017\/02\/16839422_10209820781570986_870890883_n.jpg 679w, https:\/\/comunidadycambio.org\/nuevo\/wp-content\/uploads\/2017\/02\/16839422_10209820781570986_870890883_n-212x300.jpg 212w\" data-sizes=\"(max-width: 679px) 100vw, 679px\" src=\"data:image\/svg+xml;base64,PHN2ZyB3aWR0aD0iMSIgaGVpZ2h0PSIxIiB4bWxucz0iaHR0cDovL3d3dy53My5vcmcvMjAwMC9zdmciPjwvc3ZnPg==\" style=\"--smush-placeholder-width: 679px; --smush-placeholder-aspect-ratio: 679\/960;\" \/><\/p>\n<p>&nbsp;<\/p>\n<p>Este curso consta de dos instancias. La primera es el cursado virtual con una duraci\u00f3n de 12 semanas consecutivas: una semana de conocimiento y ambientaci\u00f3n, 10 semanas de cursado y una semana para el trabajo final. La segunda es una instancia de cursado presencial, con fecha a definir.<br \/>\nEst\u00e1 organizado en 5 m\u00f3dulos (dos semanas por modulo):<br \/>\n1. Bases teol\u00f3gicas de la misi\u00f3n integral<br \/>\n2. Rol del facilitador<br \/>\n3. Desarrollo transformador<br \/>\n4. Recreaci\u00f3n \/ expresi\u00f3n<br \/>\n5. Gesti\u00f3n de proyectos<br \/>\nEl curso termina con la elaboraci\u00f3n de un proyecto para realizar en su comunidad. Este Trabajo Final, est\u00e1 estrechamente vinculado al M\u00f3dulo 5 \u201cElaboraci\u00f3n de Proyectos\u201d.<\/p>\n","protected":false},"excerpt":{"rendered":"<p>&nbsp; &nbsp; Este curso consta de dos instancias. La primera es el cursado virtual con una duraci\u00f3n de 12 semanas consecutivas: una semana de conocimiento y ambientaci\u00f3n, 10 semanas de cursado y una semana para el trabajo final. La segunda es una instancia de cursado presencial, con fecha a definir. Est\u00e1 organizado en 5 m\u00f3dulos [&hellip;]<\/p>\n","protected":false},"author":2,"featured_media":3586,"comment_status":"closed","ping_status":"closed","sticky":false,"template":"","format":"standard","meta":{"_et_pb_use_builder":"","_et_pb_old_content":"","_et_gb_content_width":"","_exactmetrics_skip_tracking":false,"_exactmetrics_sitenote_active":false,"_exactmetrics_sitenote_note":"","_exactmetrics_sitenote_category":0,"footnotes":""},"categories":[1],"tags":[85,86,87,88],"class_list":["post-3582","post","type-post","status-publish","format-standard","has-post-thumbnail","hentry","category-sin-categoria","tag-curso-virtual","tag-facilitadores","tag-facilitadores-para-el-cambio","tag-mision-integral"],"_links":{"self":[{"href":"https:\/\/comunidadycambio.org\/nuevo\/wp-json\/wp\/v2\/posts\/3582","targetHints":{"allow":["GET"]}}],"collection":[{"href":"https:\/\/comunidadycambio.org\/nuevo\/wp-json\/wp\/v2\/posts"}],"about":[{"href":"https:\/\/comunidadycambio.org\/nuevo\/wp-json\/wp\/v2\/types\/post"}],"author":[{"embeddable":true,"href":"https:\/\/comunidadycambio.org\/nuevo\/wp-json\/wp\/v2\/users\/2"}],"replies":[{"embeddable":true,"href":"https:\/\/comunidadycambio.org\/nuevo\/wp-json\/wp\/v2\/comments?post=3582"}],"version-history":[{"count":0,"href":"https:\/\/comunidadycambio.org\/nuevo\/wp-json\/wp\/v2\/posts\/3582\/revisions"}],"wp:featuredmedia":[{"embeddable":true,"href":"https:\/\/comunidadycambio.org\/nuevo\/wp-json\/wp\/v2\/media\/3586"}],"wp:attachment":[{"href":"https:\/\/comunidadycambio.org\/nuevo\/wp-json\/wp\/v2\/media?parent=3582"}],"wp:term":[{"taxonomy":"category","embeddable":true,"href":"https:\/\/comunidadycambio.org\/nuevo\/wp-json\/wp\/v2\/categories?post=3582"},{"taxonomy":"post_tag","embeddable":true,"href":"https:\/\/comunidadycambio.org\/nuevo\/wp-json\/wp\/v2\/tags?post=3582"}],"curies":[{"name":"wp","href":"https:\/\/api.w.org\/{rel}","templated":true}]}}