{"id":3632,"date":"2017-05-10T12:22:56","date_gmt":"2017-05-10T12:22:56","guid":{"rendered":"http:\/\/comunidadycambio.org\/nuevo\/?p=3632"},"modified":"2017-05-10T12:24:20","modified_gmt":"2017-05-10T12:24:20","slug":"declaracion-de-comunidad-y-cambio-sobre-el-fallo-de-la-corte-suprema-de-justicia","status":"publish","type":"post","link":"https:\/\/comunidadycambio.org\/nuevo\/declaracion-de-comunidad-y-cambio-sobre-el-fallo-de-la-corte-suprema-de-justicia\/","title":{"rendered":"Declaraci\u00f3n de Comunidad y Cambio sobre el fallo de la Corte suprema de Justicia"},"content":{"rendered":"<p>Como Comunidad y Cambio Asociaci\u00f3n Civil manifestamos nuestro rechazo al fallo de la Corte Suprema de Justicia de la Naci\u00f3n que beneficia con el 2&#215;1 a represores de la \u00faltima Dictadura Militar.<\/p>\n<p>Creemos que este fallo es un acto de injusticia y reabre las heridas de los familiares de los desaparecidos y de los sobrevivientes de estos delitos de lesa humanidad, tirando por tierra\u00a0 el camino recorrido en estos 34 a\u00f1os, buscando justicia.<\/p>\n<p>Creemos que este acto de injusticia atenta contra la\u00a0 democracia y sus instituciones.<\/p>\n<p>Como organizaci\u00f3n defensora de los DDHH creemos en el Dios de la vida, que ama la justicia, y \u00a0quiere nuestra paz.<\/p>\n<p><strong>\u201cOh pueblo, el Se\u00f1or te ha dicho lo que es bueno y lo que \u00e9l exige de ti: que hagas justicia, que ames la compasi\u00f3n y que camines humildemente con tu Dios\u201d <\/strong><\/p>\n<p style=\"text-align: right;\"><strong>Miqueas 6.8<\/strong><\/p>\n<p style=\"text-align: right;\"><img decoding=\"async\" class=\"size-medium wp-image-3633 aligncenter lazyload\" data-src=\"https:\/\/comunidadycambio.org\/nuevo\/wp-content\/uploads\/2017\/05\/Declaraci\u00f3n-de-CyC-ante-el-fallo-de-la-Corte-300x207.png\" alt=\"Declaraci\u00f3n de CyC ante el fallo de la Corte\" width=\"300\" height=\"207\" data-srcset=\"https:\/\/comunidadycambio.org\/nuevo\/wp-content\/uploads\/2017\/05\/Declaraci\u00f3n-de-CyC-ante-el-fallo-de-la-Corte-300x207.png 300w, https:\/\/comunidadycambio.org\/nuevo\/wp-content\/uploads\/2017\/05\/Declaraci\u00f3n-de-CyC-ante-el-fallo-de-la-Corte-1024x707.png 1024w, https:\/\/comunidadycambio.org\/nuevo\/wp-content\/uploads\/2017\/05\/Declaraci\u00f3n-de-CyC-ante-el-fallo-de-la-Corte.png 1514w\" data-sizes=\"(max-width: 300px) 100vw, 300px\" src=\"data:image\/svg+xml;base64,PHN2ZyB3aWR0aD0iMSIgaGVpZ2h0PSIxIiB4bWxucz0iaHR0cDovL3d3dy53My5vcmcvMjAwMC9zdmciPjwvc3ZnPg==\" style=\"--smush-placeholder-width: 300px; --smush-placeholder-aspect-ratio: 300\/207;\" \/><\/p>\n","protected":false},"excerpt":{"rendered":"<p>Como Comunidad y Cambio Asociaci\u00f3n Civil manifestamos nuestro rechazo al fallo de la Corte Suprema de Justicia de la Naci\u00f3n que beneficia con el 2&#215;1 a represores de la \u00faltima Dictadura Militar. Creemos que este fallo es un acto de injusticia y reabre las heridas de los familiares de los desaparecidos y de los sobrevivientes [&hellip;]<\/p>\n","protected":false},"author":2,"featured_media":2767,"comment_status":"closed","ping_status":"closed","sticky":false,"template":"","format":"standard","meta":{"_et_pb_use_builder":"","_et_pb_old_content":"","_et_gb_content_width":"","_exactmetrics_skip_tracking":false,"_exactmetrics_sitenote_active":false,"_exactmetrics_sitenote_note":"","_exactmetrics_sitenote_category":0,"footnotes":""},"categories":[37],"tags":[102,101],"class_list":["post-3632","post","type-post","status-publish","format-standard","has-post-thumbnail","hentry","category-reflexion","tag-derechos-humanos","tag-justicia"],"_links":{"self":[{"href":"https:\/\/comunidadycambio.org\/nuevo\/wp-json\/wp\/v2\/posts\/3632","targetHints":{"allow":["GET"]}}],"collection":[{"href":"https:\/\/comunidadycambio.org\/nuevo\/wp-json\/wp\/v2\/posts"}],"about":[{"href":"https:\/\/comunidadycambio.org\/nuevo\/wp-json\/wp\/v2\/types\/post"}],"author":[{"embeddable":true,"href":"https:\/\/comunidadycambio.org\/nuevo\/wp-json\/wp\/v2\/users\/2"}],"replies":[{"embeddable":true,"href":"https:\/\/comunidadycambio.org\/nuevo\/wp-json\/wp\/v2\/comments?post=3632"}],"version-history":[{"count":1,"href":"https:\/\/comunidadycambio.org\/nuevo\/wp-json\/wp\/v2\/posts\/3632\/revisions"}],"predecessor-version":[{"id":3634,"href":"https:\/\/comunidadycambio.org\/nuevo\/wp-json\/wp\/v2\/posts\/3632\/revisions\/3634"}],"wp:featuredmedia":[{"embeddable":true,"href":"https:\/\/comunidadycambio.org\/nuevo\/wp-json\/wp\/v2\/media\/2767"}],"wp:attachment":[{"href":"https:\/\/comunidadycambio.org\/nuevo\/wp-json\/wp\/v2\/media?parent=3632"}],"wp:term":[{"taxonomy":"category","embeddable":true,"href":"https:\/\/comunidadycambio.org\/nuevo\/wp-json\/wp\/v2\/categories?post=3632"},{"taxonomy":"post_tag","embeddable":true,"href":"https:\/\/comunidadycambio.org\/nuevo\/wp-json\/wp\/v2\/tags?post=3632"}],"curies":[{"name":"wp","href":"https:\/\/api.w.org\/{rel}","templated":true}]}}