{"id":3701,"date":"2017-11-20T15:14:48","date_gmt":"2017-11-20T15:14:48","guid":{"rendered":"http:\/\/comunidadycambio.org\/nuevo\/?p=3701"},"modified":"2017-11-25T00:41:07","modified_gmt":"2017-11-25T00:41:07","slug":"jovenes-de-fe-por-la-no-violencia","status":"publish","type":"post","link":"https:\/\/comunidadycambio.org\/nuevo\/jovenes-de-fe-por-la-no-violencia\/","title":{"rendered":"J\u00f3venes de Fe por la No Violencia"},"content":{"rendered":"<p class=\"p1\" style=\"text-align: justify;\"><span class=\"s1\"><i>Miqueas Joven,\u00a0<\/i>movimiento<span class=\"Apple-converted-space\">\u00a0\u00a0<\/span>integrado por j\u00f3venes creyentes de Am\u00e9rica Latina y el Caribe, junto con\u00a0<i>Miqueas Am\u00e9rica Latina<\/i>,\u00a0<i>Paz y Esperanza, Comunidad y Cambio,\u00a0<\/i>el\u00a0<i>Movimiento con la Ni\u00f1ez y la Juventud<\/i>,\u00a0<i>World Vision<\/i>,\u00a0<i>B\u00edblica Virtual<\/i>, la\u00a0<i>Fraternidad Teol\u00f3gica Latinoamericana<\/i>,\u00a0<i>Juventud para Cristo Uruguay<\/i>,\u00a0<i>Tearfund<\/i>,\u00a0<i>Los Dioses est\u00e1n locos<\/i>,\u00a0<i>GEMRIP<\/i>,\u00a0<i>ALC Noticias,<\/i>\u00a0<i>Plataforma Intersec\u00e7\u00f5es<\/i><\/span><span class=\"s1\">y la\u00a0<i>Red Universitaria,\u00a0<\/i>lanzan la campa\u00f1a\u00a0<b>\u201cJ\u00f3venes de fe por la no violencia\u201d<\/b>\u00a0que se desarrollar\u00e1 del 20 de noviembre al 10 de diciembre 2017, en el marco del 20 de noviembre, d\u00eda mundial de la infancia; del 25 de noviembre, d\u00eda internacional para erradicar la violencia hacia las mujeres, y del 10 de diciembre, d\u00eda de los derechos humanos. <\/span><\/p>\n<p class=\"p1\" style=\"text-align: justify;\"><span class=\"s1\">El objetivo es denunciar las distintas violencias, en especial la violencia de g\u00e9nero, cometidas contra las ni\u00f1as, ni\u00f1os y j\u00f3venes en los c\u00edrculos de fe y en la sociedad, y al mismo tiempo, anunciar las alternativas y caminos de esperanza propuestos por el evangelio liberador de Jesucristo. <\/span><\/p>\n<p class=\"p3\" style=\"text-align: justify;\"><span class=\"s1\">Esta campa\u00f1a usar\u00e1 los hashtags #J\u00f3venesDenunciandoyAnunciando #FePorLaNoViolencia sum\u00e1ndose a los ya existentes como #NiUnaMenos #VivasNosQueremos y otros. Los videos y gr\u00e1ficos que mostrar\u00e1n las \u201cmalas noticias\u201d y \u201cbuenas noticias\u201d en relaci\u00f3n a la violencia y las alternativas ante ella, se derivan de las experiencias (del pasado y actuales) personales y\/o observadas por los\/as<span class=\"Apple-converted-space\">\u00a0\u00a0<\/span>integrantes de Miqueas Joven, otras\/os j\u00f3venes de la regi\u00f3n y representantes de las organizaciones que respaldan esta iniciativa. Asimismo, se realizar\u00e1 un foro virtual (webinar) de libre acceso durante la primera semana de diciembre en el que se abordar\u00e1n diferentes tem\u00e1ticas sobre abuso espiritual, violencias contra NNA y buenas pr\u00e1cticas.<\/span><\/p>\n<p class=\"p3\" style=\"text-align: justify;\"><span class=\"s1\">Los contenidos se difundir\u00e1n por las plataformas sociales de las redes aliadas y estar\u00e1n disponibles en YouTube (videos) y en el siguiente enlace de Google Drive:\u00a0<a href=\"https:\/\/drive.google.com\/open?id=1DqAXKg2AXkib7-uFIbD3hh-6Ks7U3wFn\"><span class=\"s3\">https:\/\/drive.google.com\/open?id=1DqAXKg2AXkib7-uFIbD3hh-6Ks7U3wFn<\/span><\/a><\/span><\/p>\n<p class=\"p3\" style=\"text-align: justify;\"><span class=\"s1\">Agradecemos a quienes quieran unirse a la campa\u00f1a a compartir los contenidos, y en especial, a denunciar las distintas violencias, y anunciar las buenas pr\u00e1cticas, a trav\u00e9s de sus redes sociales. Si deseas enviar tu video env\u00edalo a\u00a0<a href=\"mailto:miqueasjoven@gmail.com\"><span class=\"s3\">miqueasjoven@gmail.com<\/span><\/a><\/span><\/p>\n<p class=\"p3\" style=\"text-align: justify;\"><span class=\"s1\"><span class=\"Apple-converted-space\">S\u00cdGUE LA CAMPA\u00d1A EN\u00a0<a href=\"https:\/\/www.facebook.com\/miqueasjoven\" target=\"_blank\" rel=\"noopener\">https:\/\/www.facebook.com\/miqueasjoven<\/a><\/span><\/span><\/p>\n<p class=\"p3\" style=\"text-align: justify;\"><span class=\"s1\">\u00a1\u00danete a las voces de j\u00f3venes de fe por la no violencia!<\/span><\/p>\n<p class=\"p3\" style=\"text-align: justify;\"><span class=\"s1\">\u2014\u2014\u2014<\/span><\/p>\n<p class=\"p3\" style=\"text-align: justify;\"><span class=\"s1\"><b><i>Miqueas Joven\u00a0<\/i><\/b><i>es un movimiento conformado por j\u00f3venes creyentes de la regi\u00f3n latinoamericana y caribe\u00f1a, que busca promover la participaci\u00f3n y protagonismo de las juventudes cristianas que encarnan las buenas noticias frente a las realidades y desaf\u00edos actuales. Es una iniciativa que surge en Siguatepeque, Honduras en septiembre de 2016.<\/i><\/span><\/p>\n<p><img decoding=\"async\" class=\"aligncenter wp-image-3703 size-large lazyload\" data-src=\"https:\/\/comunidadycambio.org\/nuevo\/wp-content\/uploads\/2017\/11\/S\u00famate-Campa\u00f1a-1024x768.png\" alt=\"S\u00famate-Campa\u00f1a\" width=\"1024\" height=\"768\" data-srcset=\"https:\/\/comunidadycambio.org\/nuevo\/wp-content\/uploads\/2017\/11\/S\u00famate-Campa\u00f1a-1024x768.png 1024w, https:\/\/comunidadycambio.org\/nuevo\/wp-content\/uploads\/2017\/11\/S\u00famate-Campa\u00f1a-300x225.png 300w\" data-sizes=\"(max-width: 1024px) 100vw, 1024px\" src=\"data:image\/svg+xml;base64,PHN2ZyB3aWR0aD0iMSIgaGVpZ2h0PSIxIiB4bWxucz0iaHR0cDovL3d3dy53My5vcmcvMjAwMC9zdmciPjwvc3ZnPg==\" style=\"--smush-placeholder-width: 1024px; --smush-placeholder-aspect-ratio: 1024\/768;\" \/><br \/>\n<iframe data-src=\"https:\/\/www.youtube.com\/embed\/AXNjYUepR5g\" width=\"560\" height=\"315\" frameborder=\"0\" allowfullscreen=\"allowfullscreen\" src=\"data:image\/svg+xml;base64,PHN2ZyB3aWR0aD0iMSIgaGVpZ2h0PSIxIiB4bWxucz0iaHR0cDovL3d3dy53My5vcmcvMjAwMC9zdmciPjwvc3ZnPg==\" class=\"lazyload\" data-load-mode=\"1\"><\/iframe><\/p>\n<p><iframe width=\"560\" height=\"315\" data-src=\"https:\/\/www.youtube.com\/embed\/9F65XyAIs8s\" frameborder=\"0\" allowfullscreen src=\"data:image\/svg+xml;base64,PHN2ZyB3aWR0aD0iMSIgaGVpZ2h0PSIxIiB4bWxucz0iaHR0cDovL3d3dy53My5vcmcvMjAwMC9zdmciPjwvc3ZnPg==\" class=\"lazyload\" data-load-mode=\"1\"><\/iframe><\/p>\n","protected":false},"excerpt":{"rendered":"<p>Miqueas Joven,\u00a0movimiento\u00a0\u00a0integrado por j\u00f3venes creyentes de Am\u00e9rica Latina y el Caribe, junto con\u00a0Miqueas Am\u00e9rica Latina,\u00a0Paz y Esperanza, Comunidad y Cambio,\u00a0el\u00a0Movimiento con la Ni\u00f1ez y la Juventud,\u00a0World Vision,\u00a0B\u00edblica Virtual, la\u00a0Fraternidad Teol\u00f3gica Latinoamericana,\u00a0Juventud para Cristo Uruguay,\u00a0Tearfund,\u00a0Los Dioses est\u00e1n locos,\u00a0GEMRIP,\u00a0ALC Noticias,\u00a0Plataforma Intersec\u00e7\u00f5esy la\u00a0Red Universitaria,\u00a0lanzan la campa\u00f1a\u00a0\u201cJ\u00f3venes de fe por la no violencia\u201d\u00a0que se desarrollar\u00e1 del 20 de noviembre [&hellip;]<\/p>\n","protected":false},"author":2,"featured_media":3703,"comment_status":"closed","ping_status":"closed","sticky":false,"template":"","format":"standard","meta":{"_et_pb_use_builder":"","_et_pb_old_content":"","_et_gb_content_width":"","_exactmetrics_skip_tracking":false,"_exactmetrics_sitenote_active":false,"_exactmetrics_sitenote_note":"","_exactmetrics_sitenote_category":0,"footnotes":""},"categories":[48,1],"tags":[121,120,119,56,62],"class_list":["post-3701","post","type-post","status-publish","format-standard","has-post-thumbnail","hentry","category-recursos","category-sin-categoria","tag-fe-por-la-no-violencia","tag-jovenes-denunciando-y-anunciando","tag-jovenes-de-fe-por-la-no-violencia","tag-violencia-contra-la-mujer","tag-violencia-de-genero"],"_links":{"self":[{"href":"https:\/\/comunidadycambio.org\/nuevo\/wp-json\/wp\/v2\/posts\/3701","targetHints":{"allow":["GET"]}}],"collection":[{"href":"https:\/\/comunidadycambio.org\/nuevo\/wp-json\/wp\/v2\/posts"}],"about":[{"href":"https:\/\/comunidadycambio.org\/nuevo\/wp-json\/wp\/v2\/types\/post"}],"author":[{"embeddable":true,"href":"https:\/\/comunidadycambio.org\/nuevo\/wp-json\/wp\/v2\/users\/2"}],"replies":[{"embeddable":true,"href":"https:\/\/comunidadycambio.org\/nuevo\/wp-json\/wp\/v2\/comments?post=3701"}],"version-history":[{"count":8,"href":"https:\/\/comunidadycambio.org\/nuevo\/wp-json\/wp\/v2\/posts\/3701\/revisions"}],"predecessor-version":[{"id":3726,"href":"https:\/\/comunidadycambio.org\/nuevo\/wp-json\/wp\/v2\/posts\/3701\/revisions\/3726"}],"wp:featuredmedia":[{"embeddable":true,"href":"https:\/\/comunidadycambio.org\/nuevo\/wp-json\/wp\/v2\/media\/3703"}],"wp:attachment":[{"href":"https:\/\/comunidadycambio.org\/nuevo\/wp-json\/wp\/v2\/media?parent=3701"}],"wp:term":[{"taxonomy":"category","embeddable":true,"href":"https:\/\/comunidadycambio.org\/nuevo\/wp-json\/wp\/v2\/categories?post=3701"},{"taxonomy":"post_tag","embeddable":true,"href":"https:\/\/comunidadycambio.org\/nuevo\/wp-json\/wp\/v2\/tags?post=3701"}],"curies":[{"name":"wp","href":"https:\/\/api.w.org\/{rel}","templated":true}]}}