{"id":3709,"date":"2017-11-21T14:55:21","date_gmt":"2017-11-21T14:55:21","guid":{"rendered":"http:\/\/comunidadycambio.org\/nuevo\/?p=3709"},"modified":"2017-11-25T00:43:13","modified_gmt":"2017-11-25T00:43:13","slug":"dia-2-de-la-campana-jovenes-de-fe-por-la-no-violencia","status":"publish","type":"post","link":"https:\/\/comunidadycambio.org\/nuevo\/dia-2-de-la-campana-jovenes-de-fe-por-la-no-violencia\/","title":{"rendered":"D\u00eda 2 de la campa\u00f1a \u00abJ\u00f3venes de fe por la no violencia\u00bb"},"content":{"rendered":"<p>A partir de este gr\u00e1fico: comparte las malas y buenas noticias de tu comunidad de fe, organizaci\u00f3n y\/o entorno en cuanto a la ense\u00f1anza b\u00edblica. \u00a1S\u00famate a la campa\u00f1a! <a class=\"_58cn\" href=\"https:\/\/www.facebook.com\/hashtag\/j%C3%B3venesdenunciandoyanunciando?source=feed_text&amp;story_id=1978373889081762\" data-ft=\"{&quot;tn&quot;:&quot;*N&quot;,&quot;type&quot;:104}\"><span class=\"_5afx\"><span class=\"_58cl _5afz\">#<\/span><span class=\"_58cm\">J\u00f3venesDenunciandoyAnunciando<\/span><\/span><\/a> <a class=\"_58cn\" href=\"https:\/\/www.facebook.com\/hashtag\/feporlanoviolencia?source=feed_text&amp;story_id=1978373889081762\" data-ft=\"{&quot;tn&quot;:&quot;*N&quot;,&quot;type&quot;:104}\"><span class=\"_5afx\"><span class=\"_58cl _5afz\">#<\/span><span class=\"_58cm\">FePorLaNoViolencia<\/span><\/span><\/a><\/p>\n<p><img decoding=\"async\" class=\"alignnone wp-image-3710 size-full lazyload\" data-src=\"https:\/\/comunidadycambio.org\/nuevo\/wp-content\/uploads\/2017\/11\/23795003_1978373719081779_4633983218056711556_n.png\" alt=\"23795003_1978373719081779_4633983218056711556_n\" width=\"960\" height=\"720\" data-srcset=\"https:\/\/comunidadycambio.org\/nuevo\/wp-content\/uploads\/2017\/11\/23795003_1978373719081779_4633983218056711556_n.png 960w, https:\/\/comunidadycambio.org\/nuevo\/wp-content\/uploads\/2017\/11\/23795003_1978373719081779_4633983218056711556_n-300x225.png 300w\" data-sizes=\"(max-width: 960px) 100vw, 960px\" src=\"data:image\/svg+xml;base64,PHN2ZyB3aWR0aD0iMSIgaGVpZ2h0PSIxIiB4bWxucz0iaHR0cDovL3d3dy53My5vcmcvMjAwMC9zdmciPjwvc3ZnPg==\" style=\"--smush-placeholder-width: 960px; --smush-placeholder-aspect-ratio: 960\/720;\" \/><\/p>\n<p>&nbsp;<br \/>\n<iframe width=\"560\" height=\"315\" data-src=\"https:\/\/www.youtube.com\/embed\/m5U84nTn7hM\" frameborder=\"0\" allowfullscreen src=\"data:image\/svg+xml;base64,PHN2ZyB3aWR0aD0iMSIgaGVpZ2h0PSIxIiB4bWxucz0iaHR0cDovL3d3dy53My5vcmcvMjAwMC9zdmciPjwvc3ZnPg==\" class=\"lazyload\" data-load-mode=\"1\"><\/iframe><\/p>\n","protected":false},"excerpt":{"rendered":"<p>A partir de este gr\u00e1fico: comparte las malas y buenas noticias de tu comunidad de fe, organizaci\u00f3n y\/o entorno en cuanto a la ense\u00f1anza b\u00edblica. \u00a1S\u00famate a la campa\u00f1a! #J\u00f3venesDenunciandoyAnunciando #FePorLaNoViolencia &nbsp;<\/p>\n","protected":false},"author":2,"featured_media":3710,"comment_status":"closed","ping_status":"closed","sticky":false,"template":"","format":"standard","meta":{"_et_pb_use_builder":"","_et_pb_old_content":"","_et_gb_content_width":"","_exactmetrics_skip_tracking":false,"_exactmetrics_sitenote_active":false,"_exactmetrics_sitenote_note":"","_exactmetrics_sitenote_category":0,"footnotes":""},"categories":[48],"tags":[121,120,119,56,62],"class_list":["post-3709","post","type-post","status-publish","format-standard","has-post-thumbnail","hentry","category-recursos","tag-fe-por-la-no-violencia","tag-jovenes-denunciando-y-anunciando","tag-jovenes-de-fe-por-la-no-violencia","tag-violencia-contra-la-mujer","tag-violencia-de-genero"],"_links":{"self":[{"href":"https:\/\/comunidadycambio.org\/nuevo\/wp-json\/wp\/v2\/posts\/3709","targetHints":{"allow":["GET"]}}],"collection":[{"href":"https:\/\/comunidadycambio.org\/nuevo\/wp-json\/wp\/v2\/posts"}],"about":[{"href":"https:\/\/comunidadycambio.org\/nuevo\/wp-json\/wp\/v2\/types\/post"}],"author":[{"embeddable":true,"href":"https:\/\/comunidadycambio.org\/nuevo\/wp-json\/wp\/v2\/users\/2"}],"replies":[{"embeddable":true,"href":"https:\/\/comunidadycambio.org\/nuevo\/wp-json\/wp\/v2\/comments?post=3709"}],"version-history":[{"count":3,"href":"https:\/\/comunidadycambio.org\/nuevo\/wp-json\/wp\/v2\/posts\/3709\/revisions"}],"predecessor-version":[{"id":3727,"href":"https:\/\/comunidadycambio.org\/nuevo\/wp-json\/wp\/v2\/posts\/3709\/revisions\/3727"}],"wp:featuredmedia":[{"embeddable":true,"href":"https:\/\/comunidadycambio.org\/nuevo\/wp-json\/wp\/v2\/media\/3710"}],"wp:attachment":[{"href":"https:\/\/comunidadycambio.org\/nuevo\/wp-json\/wp\/v2\/media?parent=3709"}],"wp:term":[{"taxonomy":"category","embeddable":true,"href":"https:\/\/comunidadycambio.org\/nuevo\/wp-json\/wp\/v2\/categories?post=3709"},{"taxonomy":"post_tag","embeddable":true,"href":"https:\/\/comunidadycambio.org\/nuevo\/wp-json\/wp\/v2\/tags?post=3709"}],"curies":[{"name":"wp","href":"https:\/\/api.w.org\/{rel}","templated":true}]}}