{"id":3714,"date":"2017-11-22T12:51:35","date_gmt":"2017-11-22T12:51:35","guid":{"rendered":"http:\/\/comunidadycambio.org\/nuevo\/?p=3714"},"modified":"2017-11-25T00:50:38","modified_gmt":"2017-11-25T00:50:38","slug":"dia-numero-3-de-la-campana-jovenes-de-fe-por-la-no-violencia","status":"publish","type":"post","link":"https:\/\/comunidadycambio.org\/nuevo\/dia-numero-3-de-la-campana-jovenes-de-fe-por-la-no-violencia\/","title":{"rendered":"D\u00eda n\u00famero 3 de la campa\u00f1a \u201cJ\u00f3venes de Fe por la No violencia\u201d"},"content":{"rendered":"<p>A partir de este gr\u00e1fico: comparte qu\u00e9 malas y buenas noticias de tu comunidad de fe, organizaci\u00f3n y\/o entorno en cuanto al ocultamiento de las acciones violentas contra ni\u00f1os, ni\u00f1as y adolescentes en los ambientes de fe. \u00a1S\u00famate a la campa\u00f1a! #J\u00f3venesDenunciandoyAnunciando #FePorLaNoViolencia<\/p>\n<p><img decoding=\"async\" class=\"alignnone size-large wp-image-3715 lazyload\" data-src=\"https:\/\/comunidadycambio.org\/nuevo\/wp-content\/uploads\/2017\/11\/WhatsApp-Image-2017-11-22-at-09.47.53-1024x768.jpeg\" alt=\"WhatsApp Image 2017-11-22 at 09.47.53\" width=\"1024\" height=\"768\" data-srcset=\"https:\/\/comunidadycambio.org\/nuevo\/wp-content\/uploads\/2017\/11\/WhatsApp-Image-2017-11-22-at-09.47.53-1024x768.jpeg 1024w, https:\/\/comunidadycambio.org\/nuevo\/wp-content\/uploads\/2017\/11\/WhatsApp-Image-2017-11-22-at-09.47.53-300x225.jpeg 300w, https:\/\/comunidadycambio.org\/nuevo\/wp-content\/uploads\/2017\/11\/WhatsApp-Image-2017-11-22-at-09.47.53.jpeg 1280w\" data-sizes=\"(max-width: 1024px) 100vw, 1024px\" src=\"data:image\/svg+xml;base64,PHN2ZyB3aWR0aD0iMSIgaGVpZ2h0PSIxIiB4bWxucz0iaHR0cDovL3d3dy53My5vcmcvMjAwMC9zdmciPjwvc3ZnPg==\" style=\"--smush-placeholder-width: 1024px; --smush-placeholder-aspect-ratio: 1024\/768;\" \/><br \/>\n<iframe width=\"560\" height=\"315\" data-src=\"https:\/\/www.youtube.com\/embed\/VjiafKMWu2E\" frameborder=\"0\" allowfullscreen src=\"data:image\/svg+xml;base64,PHN2ZyB3aWR0aD0iMSIgaGVpZ2h0PSIxIiB4bWxucz0iaHR0cDovL3d3dy53My5vcmcvMjAwMC9zdmciPjwvc3ZnPg==\" class=\"lazyload\" data-load-mode=\"1\"><\/iframe><\/p>\n<p><iframe width=\"560\" height=\"315\" data-src=\"https:\/\/www.youtube.com\/embed\/zUo7xnw_yCw\" frameborder=\"0\" allowfullscreen src=\"data:image\/svg+xml;base64,PHN2ZyB3aWR0aD0iMSIgaGVpZ2h0PSIxIiB4bWxucz0iaHR0cDovL3d3dy53My5vcmcvMjAwMC9zdmciPjwvc3ZnPg==\" class=\"lazyload\" data-load-mode=\"1\"><\/iframe><\/p>\n","protected":false},"excerpt":{"rendered":"<p>A partir de este gr\u00e1fico: comparte qu\u00e9 malas y buenas noticias de tu comunidad de fe, organizaci\u00f3n y\/o entorno en cuanto al ocultamiento de las acciones violentas contra ni\u00f1os, ni\u00f1as y adolescentes en los ambientes de fe. \u00a1S\u00famate a la campa\u00f1a! #J\u00f3venesDenunciandoyAnunciando #FePorLaNoViolencia<\/p>\n","protected":false},"author":2,"featured_media":3715,"comment_status":"closed","ping_status":"closed","sticky":false,"template":"","format":"standard","meta":{"_et_pb_use_builder":"","_et_pb_old_content":"","_et_gb_content_width":"","_exactmetrics_skip_tracking":false,"_exactmetrics_sitenote_active":false,"_exactmetrics_sitenote_note":"","_exactmetrics_sitenote_category":0,"footnotes":""},"categories":[48],"tags":[121,120,102,119,56,62],"class_list":["post-3714","post","type-post","status-publish","format-standard","has-post-thumbnail","hentry","category-recursos","tag-fe-por-la-no-violencia","tag-jovenes-denunciando-y-anunciando","tag-derechos-humanos","tag-jovenes-de-fe-por-la-no-violencia","tag-violencia-contra-la-mujer","tag-violencia-de-genero"],"_links":{"self":[{"href":"https:\/\/comunidadycambio.org\/nuevo\/wp-json\/wp\/v2\/posts\/3714","targetHints":{"allow":["GET"]}}],"collection":[{"href":"https:\/\/comunidadycambio.org\/nuevo\/wp-json\/wp\/v2\/posts"}],"about":[{"href":"https:\/\/comunidadycambio.org\/nuevo\/wp-json\/wp\/v2\/types\/post"}],"author":[{"embeddable":true,"href":"https:\/\/comunidadycambio.org\/nuevo\/wp-json\/wp\/v2\/users\/2"}],"replies":[{"embeddable":true,"href":"https:\/\/comunidadycambio.org\/nuevo\/wp-json\/wp\/v2\/comments?post=3714"}],"version-history":[{"count":4,"href":"https:\/\/comunidadycambio.org\/nuevo\/wp-json\/wp\/v2\/posts\/3714\/revisions"}],"predecessor-version":[{"id":3730,"href":"https:\/\/comunidadycambio.org\/nuevo\/wp-json\/wp\/v2\/posts\/3714\/revisions\/3730"}],"wp:featuredmedia":[{"embeddable":true,"href":"https:\/\/comunidadycambio.org\/nuevo\/wp-json\/wp\/v2\/media\/3715"}],"wp:attachment":[{"href":"https:\/\/comunidadycambio.org\/nuevo\/wp-json\/wp\/v2\/media?parent=3714"}],"wp:term":[{"taxonomy":"category","embeddable":true,"href":"https:\/\/comunidadycambio.org\/nuevo\/wp-json\/wp\/v2\/categories?post=3714"},{"taxonomy":"post_tag","embeddable":true,"href":"https:\/\/comunidadycambio.org\/nuevo\/wp-json\/wp\/v2\/tags?post=3714"}],"curies":[{"name":"wp","href":"https:\/\/api.w.org\/{rel}","templated":true}]}}