{"id":3803,"date":"2017-12-04T14:28:40","date_gmt":"2017-12-04T14:28:40","guid":{"rendered":"http:\/\/comunidadycambio.org\/nuevo\/?p=3803"},"modified":"2017-12-04T14:28:40","modified_gmt":"2017-12-04T14:28:40","slug":"dia-14-de-la-campana-jovenes-de-fe-por-la-no-violencia","status":"publish","type":"post","link":"https:\/\/comunidadycambio.org\/nuevo\/dia-14-de-la-campana-jovenes-de-fe-por-la-no-violencia\/","title":{"rendered":"D\u00eda 14 de la campa\u00f1a \u201cJ\u00f3venes de Fe por la no violencia\u201d"},"content":{"rendered":"<p>Iniciativa de Miqueas Joven, acuerpada por catorce organizaciones m\u00e1s de todo el continente. El prop\u00f3sito es, por un lado, denunciar las violencias ejercidas, especialmente, contra ni\u00f1as, ni\u00f1os y j\u00f3venes en la sociedad y espacios religiosos. Asimismo, y sobre todo, queremos anunciar las buenas noticias de vida plena promovidas por personas, comunidades y organizaciones que siguen el ejemplo de amor y justicia de Jesucristo. \u00a1Te invitamos a sumarte y a compartir las malas y buenas noticias en tu entorno! #J\u00f3venesAnunciandoyDenunciando #FePorLaNoViolencia<br \/>\n<img decoding=\"async\" class=\"alignnone size-large wp-image-3804 lazyload\" data-src=\"https:\/\/comunidadycambio.org\/nuevo\/wp-content\/uploads\/2017\/12\/WhatsApp-Image-2017-12-03-at-12.06.13-1024x768.jpeg\" alt=\"WhatsApp Image 2017-12-03 at 12.06.13\" width=\"1024\" height=\"768\" data-srcset=\"https:\/\/comunidadycambio.org\/nuevo\/wp-content\/uploads\/2017\/12\/WhatsApp-Image-2017-12-03-at-12.06.13-1024x768.jpeg 1024w, https:\/\/comunidadycambio.org\/nuevo\/wp-content\/uploads\/2017\/12\/WhatsApp-Image-2017-12-03-at-12.06.13-300x225.jpeg 300w, https:\/\/comunidadycambio.org\/nuevo\/wp-content\/uploads\/2017\/12\/WhatsApp-Image-2017-12-03-at-12.06.13.jpeg 1280w\" data-sizes=\"(max-width: 1024px) 100vw, 1024px\" src=\"data:image\/svg+xml;base64,PHN2ZyB3aWR0aD0iMSIgaGVpZ2h0PSIxIiB4bWxucz0iaHR0cDovL3d3dy53My5vcmcvMjAwMC9zdmciPjwvc3ZnPg==\" style=\"--smush-placeholder-width: 1024px; --smush-placeholder-aspect-ratio: 1024\/768;\" \/><\/p>\n","protected":false},"excerpt":{"rendered":"<p>Iniciativa de Miqueas Joven, acuerpada por catorce organizaciones m\u00e1s de todo el continente. El prop\u00f3sito es, por un lado, denunciar las violencias ejercidas, especialmente, contra ni\u00f1as, ni\u00f1os y j\u00f3venes en la sociedad y espacios religiosos. Asimismo, y sobre todo, queremos anunciar las buenas noticias de vida plena promovidas por personas, comunidades y organizaciones que siguen [&hellip;]<\/p>\n","protected":false},"author":2,"featured_media":0,"comment_status":"closed","ping_status":"closed","sticky":false,"template":"","format":"standard","meta":{"_et_pb_use_builder":"","_et_pb_old_content":"","_et_gb_content_width":"","_exactmetrics_skip_tracking":false,"_exactmetrics_sitenote_active":false,"_exactmetrics_sitenote_note":"","_exactmetrics_sitenote_category":0,"footnotes":""},"categories":[48],"tags":[121,120,102,119],"class_list":["post-3803","post","type-post","status-publish","format-standard","hentry","category-recursos","tag-fe-por-la-no-violencia","tag-jovenes-denunciando-y-anunciando","tag-derechos-humanos","tag-jovenes-de-fe-por-la-no-violencia"],"_links":{"self":[{"href":"https:\/\/comunidadycambio.org\/nuevo\/wp-json\/wp\/v2\/posts\/3803","targetHints":{"allow":["GET"]}}],"collection":[{"href":"https:\/\/comunidadycambio.org\/nuevo\/wp-json\/wp\/v2\/posts"}],"about":[{"href":"https:\/\/comunidadycambio.org\/nuevo\/wp-json\/wp\/v2\/types\/post"}],"author":[{"embeddable":true,"href":"https:\/\/comunidadycambio.org\/nuevo\/wp-json\/wp\/v2\/users\/2"}],"replies":[{"embeddable":true,"href":"https:\/\/comunidadycambio.org\/nuevo\/wp-json\/wp\/v2\/comments?post=3803"}],"version-history":[{"count":1,"href":"https:\/\/comunidadycambio.org\/nuevo\/wp-json\/wp\/v2\/posts\/3803\/revisions"}],"predecessor-version":[{"id":3805,"href":"https:\/\/comunidadycambio.org\/nuevo\/wp-json\/wp\/v2\/posts\/3803\/revisions\/3805"}],"wp:attachment":[{"href":"https:\/\/comunidadycambio.org\/nuevo\/wp-json\/wp\/v2\/media?parent=3803"}],"wp:term":[{"taxonomy":"category","embeddable":true,"href":"https:\/\/comunidadycambio.org\/nuevo\/wp-json\/wp\/v2\/categories?post=3803"},{"taxonomy":"post_tag","embeddable":true,"href":"https:\/\/comunidadycambio.org\/nuevo\/wp-json\/wp\/v2\/tags?post=3803"}],"curies":[{"name":"wp","href":"https:\/\/api.w.org\/{rel}","templated":true}]}}