{"id":3826,"date":"2017-12-06T14:29:14","date_gmt":"2017-12-06T14:29:14","guid":{"rendered":"http:\/\/comunidadycambio.org\/nuevo\/?p=3826"},"modified":"2017-12-06T14:32:29","modified_gmt":"2017-12-06T14:32:29","slug":"a-la-comunidad-que-nos-ha-acompanado","status":"publish","type":"post","link":"https:\/\/comunidadycambio.org\/nuevo\/a-la-comunidad-que-nos-ha-acompanado\/","title":{"rendered":"A la comunidad que nos ha acompa\u00f1ado"},"content":{"rendered":"<p>Ampliaremos la campa\u00f1a 5 d\u00edas m\u00e1s en los que queremos hacer \u00e9nfasis en las buenas noticias y proveer algunas pistas para la acci\u00f3n. Tambi\u00e9n queremos seguir exponiendo las malas y buenas noticias que j\u00f3venes de diferentes lugares nos han hecho llegar con sus frases y v\u00eddeos. \u00a1Acomp\u00e1\u00f1anos hasta el 15 de diciembre!<br \/>\n<img decoding=\"async\" class=\"alignnone size-large wp-image-3827 lazyload\" data-src=\"https:\/\/comunidadycambio.org\/nuevo\/wp-content\/uploads\/2017\/12\/WhatsApp-Image-2017-12-06-at-11.00.34-1024x768.jpeg\" alt=\"WhatsApp Image 2017-12-06 at 11.00.34\" width=\"1024\" height=\"768\" data-srcset=\"https:\/\/comunidadycambio.org\/nuevo\/wp-content\/uploads\/2017\/12\/WhatsApp-Image-2017-12-06-at-11.00.34-1024x768.jpeg 1024w, https:\/\/comunidadycambio.org\/nuevo\/wp-content\/uploads\/2017\/12\/WhatsApp-Image-2017-12-06-at-11.00.34-300x225.jpeg 300w, https:\/\/comunidadycambio.org\/nuevo\/wp-content\/uploads\/2017\/12\/WhatsApp-Image-2017-12-06-at-11.00.34.jpeg 1280w\" data-sizes=\"(max-width: 1024px) 100vw, 1024px\" src=\"data:image\/svg+xml;base64,PHN2ZyB3aWR0aD0iMSIgaGVpZ2h0PSIxIiB4bWxucz0iaHR0cDovL3d3dy53My5vcmcvMjAwMC9zdmciPjwvc3ZnPg==\" style=\"--smush-placeholder-width: 1024px; --smush-placeholder-aspect-ratio: 1024\/768;\" \/><\/p>\n","protected":false},"excerpt":{"rendered":"<p>Ampliaremos la campa\u00f1a 5 d\u00edas m\u00e1s en los que queremos hacer \u00e9nfasis en las buenas noticias y proveer algunas pistas para la acci\u00f3n. Tambi\u00e9n queremos seguir exponiendo las malas y buenas noticias que j\u00f3venes de diferentes lugares nos han hecho llegar con sus frases y v\u00eddeos. \u00a1Acomp\u00e1\u00f1anos hasta el 15 de diciembre!<\/p>\n","protected":false},"author":2,"featured_media":0,"comment_status":"closed","ping_status":"closed","sticky":false,"template":"","format":"standard","meta":{"_et_pb_use_builder":"","_et_pb_old_content":"","_et_gb_content_width":"","_exactmetrics_skip_tracking":false,"_exactmetrics_sitenote_active":false,"_exactmetrics_sitenote_note":"","_exactmetrics_sitenote_category":0,"footnotes":""},"categories":[48],"tags":[121,120,119],"class_list":["post-3826","post","type-post","status-publish","format-standard","hentry","category-recursos","tag-fe-por-la-no-violencia","tag-jovenes-denunciando-y-anunciando","tag-jovenes-de-fe-por-la-no-violencia"],"_links":{"self":[{"href":"https:\/\/comunidadycambio.org\/nuevo\/wp-json\/wp\/v2\/posts\/3826","targetHints":{"allow":["GET"]}}],"collection":[{"href":"https:\/\/comunidadycambio.org\/nuevo\/wp-json\/wp\/v2\/posts"}],"about":[{"href":"https:\/\/comunidadycambio.org\/nuevo\/wp-json\/wp\/v2\/types\/post"}],"author":[{"embeddable":true,"href":"https:\/\/comunidadycambio.org\/nuevo\/wp-json\/wp\/v2\/users\/2"}],"replies":[{"embeddable":true,"href":"https:\/\/comunidadycambio.org\/nuevo\/wp-json\/wp\/v2\/comments?post=3826"}],"version-history":[{"count":1,"href":"https:\/\/comunidadycambio.org\/nuevo\/wp-json\/wp\/v2\/posts\/3826\/revisions"}],"predecessor-version":[{"id":3828,"href":"https:\/\/comunidadycambio.org\/nuevo\/wp-json\/wp\/v2\/posts\/3826\/revisions\/3828"}],"wp:attachment":[{"href":"https:\/\/comunidadycambio.org\/nuevo\/wp-json\/wp\/v2\/media?parent=3826"}],"wp:term":[{"taxonomy":"category","embeddable":true,"href":"https:\/\/comunidadycambio.org\/nuevo\/wp-json\/wp\/v2\/categories?post=3826"},{"taxonomy":"post_tag","embeddable":true,"href":"https:\/\/comunidadycambio.org\/nuevo\/wp-json\/wp\/v2\/tags?post=3826"}],"curies":[{"name":"wp","href":"https:\/\/api.w.org\/{rel}","templated":true}]}}