{"id":3837,"date":"2017-12-11T20:38:00","date_gmt":"2017-12-11T20:38:00","guid":{"rendered":"http:\/\/comunidadycambio.org\/nuevo\/?p=3837"},"modified":"2017-12-11T20:42:57","modified_gmt":"2017-12-11T20:42:57","slug":"dia-19-de-la-campana-jovenes-de-fe-por-la-no-violencia","status":"publish","type":"post","link":"https:\/\/comunidadycambio.org\/nuevo\/dia-19-de-la-campana-jovenes-de-fe-por-la-no-violencia\/","title":{"rendered":"D\u00eda 19 de la campa\u00f1a \u00abJ\u00f3venes de fe por la no violencia\u00bb"},"content":{"rendered":"<p>A partir de este gr\u00e1fico, comparte las malas y buenas noticias de tu comunidad de fe, organizaci\u00f3n y\/o entorno a las acciones de servicio a ni\u00f1os, ni\u00f1as y j\u00f3venes basadas en la expectativa de conversi\u00f3n y retribuci\u00f3n. \u00a1S\u00famate a la campa\u00f1a como otras\/os j\u00f3venes que con sus testimonios y experiencias nos han ayudado a construir estas frases y videos! #J\u00f3venesDenunciandoyAnunciando #FePorLaNoViolencia<\/p>\n<p><img decoding=\"async\" class=\"alignnone size-large wp-image-3843 lazyload\" data-src=\"https:\/\/comunidadycambio.org\/nuevo\/wp-content\/uploads\/2017\/12\/WhatsApp-Image-2017-12-08-at-13.46.03-1024x768.jpeg\" alt=\"WhatsApp Image 2017-12-08 at 13.46.03\" width=\"1024\" height=\"768\" data-srcset=\"https:\/\/comunidadycambio.org\/nuevo\/wp-content\/uploads\/2017\/12\/WhatsApp-Image-2017-12-08-at-13.46.03-1024x768.jpeg 1024w, https:\/\/comunidadycambio.org\/nuevo\/wp-content\/uploads\/2017\/12\/WhatsApp-Image-2017-12-08-at-13.46.03-300x225.jpeg 300w, https:\/\/comunidadycambio.org\/nuevo\/wp-content\/uploads\/2017\/12\/WhatsApp-Image-2017-12-08-at-13.46.03.jpeg 1280w\" data-sizes=\"(max-width: 1024px) 100vw, 1024px\" src=\"data:image\/svg+xml;base64,PHN2ZyB3aWR0aD0iMSIgaGVpZ2h0PSIxIiB4bWxucz0iaHR0cDovL3d3dy53My5vcmcvMjAwMC9zdmciPjwvc3ZnPg==\" style=\"--smush-placeholder-width: 1024px; --smush-placeholder-aspect-ratio: 1024\/768;\" \/><\/p>\n<p>&nbsp;<\/p>\n<p>&nbsp;<\/p>\n<p><iframe data-src=\"https:\/\/www.youtube.com\/embed\/D0qL6GjSUh4\" width=\"560\" height=\"315\" frameborder=\"0\" allowfullscreen=\"allowfullscreen\" src=\"data:image\/svg+xml;base64,PHN2ZyB3aWR0aD0iMSIgaGVpZ2h0PSIxIiB4bWxucz0iaHR0cDovL3d3dy53My5vcmcvMjAwMC9zdmciPjwvc3ZnPg==\" class=\"lazyload\" data-load-mode=\"1\"><\/iframe><\/p>\n<p>Santiago Benavides, cantautor Colombiano, se une a la campa\u00f1a \u201cJ\u00f3venes de fe por la no violencia\u201d, denunciando las violencias y anunciando las buenas noticias de amor y justicia. \u00a1Te invitamos a sumarte a esta iniciativa! Tal como Santiago, \u00a1Haz tu v\u00eddeo y comp\u00e1rtenos tus experiencias! #J\u00f3venesDenunciandoyAnunciando #FePorLaNoViolencia<\/p>\n","protected":false},"excerpt":{"rendered":"<p>A partir de este gr\u00e1fico, comparte las malas y buenas noticias de tu comunidad de fe, organizaci\u00f3n y\/o entorno a las acciones de servicio a ni\u00f1os, ni\u00f1as y j\u00f3venes basadas en la expectativa de conversi\u00f3n y retribuci\u00f3n. \u00a1S\u00famate a la campa\u00f1a como otras\/os j\u00f3venes que con sus testimonios y experiencias nos han ayudado a construir [&hellip;]<\/p>\n","protected":false},"author":2,"featured_media":0,"comment_status":"closed","ping_status":"closed","sticky":false,"template":"","format":"standard","meta":{"_et_pb_use_builder":"","_et_pb_old_content":"","_et_gb_content_width":"","_exactmetrics_skip_tracking":false,"_exactmetrics_sitenote_active":false,"_exactmetrics_sitenote_note":"","_exactmetrics_sitenote_category":0,"footnotes":""},"categories":[48],"tags":[121,120,102,119],"class_list":["post-3837","post","type-post","status-publish","format-standard","hentry","category-recursos","tag-fe-por-la-no-violencia","tag-jovenes-denunciando-y-anunciando","tag-derechos-humanos","tag-jovenes-de-fe-por-la-no-violencia"],"_links":{"self":[{"href":"https:\/\/comunidadycambio.org\/nuevo\/wp-json\/wp\/v2\/posts\/3837","targetHints":{"allow":["GET"]}}],"collection":[{"href":"https:\/\/comunidadycambio.org\/nuevo\/wp-json\/wp\/v2\/posts"}],"about":[{"href":"https:\/\/comunidadycambio.org\/nuevo\/wp-json\/wp\/v2\/types\/post"}],"author":[{"embeddable":true,"href":"https:\/\/comunidadycambio.org\/nuevo\/wp-json\/wp\/v2\/users\/2"}],"replies":[{"embeddable":true,"href":"https:\/\/comunidadycambio.org\/nuevo\/wp-json\/wp\/v2\/comments?post=3837"}],"version-history":[{"count":5,"href":"https:\/\/comunidadycambio.org\/nuevo\/wp-json\/wp\/v2\/posts\/3837\/revisions"}],"predecessor-version":[{"id":3844,"href":"https:\/\/comunidadycambio.org\/nuevo\/wp-json\/wp\/v2\/posts\/3837\/revisions\/3844"}],"wp:attachment":[{"href":"https:\/\/comunidadycambio.org\/nuevo\/wp-json\/wp\/v2\/media?parent=3837"}],"wp:term":[{"taxonomy":"category","embeddable":true,"href":"https:\/\/comunidadycambio.org\/nuevo\/wp-json\/wp\/v2\/categories?post=3837"},{"taxonomy":"post_tag","embeddable":true,"href":"https:\/\/comunidadycambio.org\/nuevo\/wp-json\/wp\/v2\/tags?post=3837"}],"curies":[{"name":"wp","href":"https:\/\/api.w.org\/{rel}","templated":true}]}}