{"id":3851,"date":"2017-12-11T20:55:35","date_gmt":"2017-12-11T20:55:35","guid":{"rendered":"http:\/\/comunidadycambio.org\/nuevo\/?p=3851"},"modified":"2017-12-11T20:58:01","modified_gmt":"2017-12-11T20:58:01","slug":"pronunciamiento-por-la-paz-y-justicia-en-honduras","status":"publish","type":"post","link":"https:\/\/comunidadycambio.org\/nuevo\/pronunciamiento-por-la-paz-y-justicia-en-honduras\/","title":{"rendered":"Pronunciamiento por la paz y justicia en Honduras"},"content":{"rendered":"<p>Como Miqueas Joven, nos adherimos al \u00abPronunciamiento por la paz y justicia en Honduras: Motivadas y motivados por la ni\u00f1ez y juventud hondure\u00f1a\u00bb de nuestras amigas y amigos del Movimiento con la Ni\u00f1ez y la Juventud. \u00a1Hoy seguimos orando por la situaci\u00f3n en nuestro pa\u00eds hermano! #FePorLaNoViolencia #J\u00f3venesDenunciandoyAnunciando #HondurasResiste<\/p>\n<p><strong>\u00a1Pero que fluya el derecho como las aguas, y la justicia como arroyo inagotable! <\/strong><\/p>\n<p><strong>(Am\u00f3s 5.24)<\/strong><\/p>\n","protected":false},"excerpt":{"rendered":"<p>Como Miqueas Joven, nos adherimos al \u00abPronunciamiento por la paz y justicia en Honduras: Motivadas y motivados por la ni\u00f1ez y juventud hondure\u00f1a\u00bb de nuestras amigas y amigos del Movimiento con la Ni\u00f1ez y la Juventud. \u00a1Hoy seguimos orando por la situaci\u00f3n en nuestro pa\u00eds hermano! #FePorLaNoViolencia #J\u00f3venesDenunciandoyAnunciando #HondurasResiste \u00a1Pero que fluya el derecho como [&hellip;]<\/p>\n","protected":false},"author":2,"featured_media":0,"comment_status":"closed","ping_status":"closed","sticky":false,"template":"","format":"standard","meta":{"_et_pb_use_builder":"","_et_pb_old_content":"","_et_gb_content_width":"","_exactmetrics_skip_tracking":false,"_exactmetrics_sitenote_active":false,"_exactmetrics_sitenote_note":"","_exactmetrics_sitenote_category":0,"footnotes":""},"categories":[48],"tags":[121,120,102,119],"class_list":["post-3851","post","type-post","status-publish","format-standard","hentry","category-recursos","tag-fe-por-la-no-violencia","tag-jovenes-denunciando-y-anunciando","tag-derechos-humanos","tag-jovenes-de-fe-por-la-no-violencia"],"_links":{"self":[{"href":"https:\/\/comunidadycambio.org\/nuevo\/wp-json\/wp\/v2\/posts\/3851","targetHints":{"allow":["GET"]}}],"collection":[{"href":"https:\/\/comunidadycambio.org\/nuevo\/wp-json\/wp\/v2\/posts"}],"about":[{"href":"https:\/\/comunidadycambio.org\/nuevo\/wp-json\/wp\/v2\/types\/post"}],"author":[{"embeddable":true,"href":"https:\/\/comunidadycambio.org\/nuevo\/wp-json\/wp\/v2\/users\/2"}],"replies":[{"embeddable":true,"href":"https:\/\/comunidadycambio.org\/nuevo\/wp-json\/wp\/v2\/comments?post=3851"}],"version-history":[{"count":1,"href":"https:\/\/comunidadycambio.org\/nuevo\/wp-json\/wp\/v2\/posts\/3851\/revisions"}],"predecessor-version":[{"id":3852,"href":"https:\/\/comunidadycambio.org\/nuevo\/wp-json\/wp\/v2\/posts\/3851\/revisions\/3852"}],"wp:attachment":[{"href":"https:\/\/comunidadycambio.org\/nuevo\/wp-json\/wp\/v2\/media?parent=3851"}],"wp:term":[{"taxonomy":"category","embeddable":true,"href":"https:\/\/comunidadycambio.org\/nuevo\/wp-json\/wp\/v2\/categories?post=3851"},{"taxonomy":"post_tag","embeddable":true,"href":"https:\/\/comunidadycambio.org\/nuevo\/wp-json\/wp\/v2\/tags?post=3851"}],"curies":[{"name":"wp","href":"https:\/\/api.w.org\/{rel}","templated":true}]}}