{"id":3860,"date":"2017-12-12T21:46:29","date_gmt":"2017-12-12T21:46:29","guid":{"rendered":"http:\/\/comunidadycambio.org\/nuevo\/?p=3860"},"modified":"2017-12-14T11:40:24","modified_gmt":"2017-12-14T11:40:24","slug":"dia-23-de-campana-jovenes-de-fe-por-la-no-violencia","status":"publish","type":"post","link":"https:\/\/comunidadycambio.org\/nuevo\/dia-23-de-campana-jovenes-de-fe-por-la-no-violencia\/","title":{"rendered":"D\u00eda 23 de campa\u00f1a: \u00abJ\u00f3venes de fe por la no violencia\u00bb"},"content":{"rendered":"<p>Josaphat Jarpa, desde Santiago, Chile, se une a la campa\u00f1a \u201cJ\u00f3venes de fe por la no violencia\u201d, denunciando las violencias y anunciando las buenas noticias de amor y justicia. \u00a1Celebramos las buenas pr\u00e1cticas y los aportes de familias, organizaciones e iglesias! #J\u00f3venesDenunciandoyAnunciando #FePorLaNoViolencia<\/p>\n<p>&nbsp;<br \/>\n<iframe width=\"560\" height=\"315\" data-src=\"https:\/\/www.youtube.com\/embed\/-OYEZJxGfMI\" frameborder=\"0\" gesture=\"media\" allow=\"encrypted-media\" allowfullscreen src=\"data:image\/svg+xml;base64,PHN2ZyB3aWR0aD0iMSIgaGVpZ2h0PSIxIiB4bWxucz0iaHR0cDovL3d3dy53My5vcmcvMjAwMC9zdmciPjwvc3ZnPg==\" class=\"lazyload\" data-load-mode=\"1\"><\/iframe><\/p>\n<p>Shakira Peratto, desde Montevideo, Uruguay, se une a la campa\u00f1a<br \/>\n<iframe width=\"560\" height=\"315\" data-src=\"https:\/\/www.youtube.com\/embed\/DLvIT3s9_XA\" frameborder=\"0\" gesture=\"media\" allow=\"encrypted-media\" allowfullscreen src=\"data:image\/svg+xml;base64,PHN2ZyB3aWR0aD0iMSIgaGVpZ2h0PSIxIiB4bWxucz0iaHR0cDovL3d3dy53My5vcmcvMjAwMC9zdmciPjwvc3ZnPg==\" class=\"lazyload\" data-load-mode=\"1\"><\/iframe><\/p>\n","protected":false},"excerpt":{"rendered":"<p>Josaphat Jarpa, desde Santiago, Chile, se une a la campa\u00f1a \u201cJ\u00f3venes de fe por la no violencia\u201d, denunciando las violencias y anunciando las buenas noticias de amor y justicia. \u00a1Celebramos las buenas pr\u00e1cticas y los aportes de familias, organizaciones e iglesias! #J\u00f3venesDenunciandoyAnunciando #FePorLaNoViolencia &nbsp; Shakira Peratto, desde Montevideo, Uruguay, se une a la campa\u00f1a<\/p>\n","protected":false},"author":2,"featured_media":0,"comment_status":"closed","ping_status":"closed","sticky":false,"template":"","format":"standard","meta":{"_et_pb_use_builder":"","_et_pb_old_content":"","_et_gb_content_width":"","_exactmetrics_skip_tracking":false,"_exactmetrics_sitenote_active":false,"_exactmetrics_sitenote_note":"","_exactmetrics_sitenote_category":0,"footnotes":""},"categories":[48],"tags":[121,120,102,119],"class_list":["post-3860","post","type-post","status-publish","format-standard","hentry","category-recursos","tag-fe-por-la-no-violencia","tag-jovenes-denunciando-y-anunciando","tag-derechos-humanos","tag-jovenes-de-fe-por-la-no-violencia"],"_links":{"self":[{"href":"https:\/\/comunidadycambio.org\/nuevo\/wp-json\/wp\/v2\/posts\/3860","targetHints":{"allow":["GET"]}}],"collection":[{"href":"https:\/\/comunidadycambio.org\/nuevo\/wp-json\/wp\/v2\/posts"}],"about":[{"href":"https:\/\/comunidadycambio.org\/nuevo\/wp-json\/wp\/v2\/types\/post"}],"author":[{"embeddable":true,"href":"https:\/\/comunidadycambio.org\/nuevo\/wp-json\/wp\/v2\/users\/2"}],"replies":[{"embeddable":true,"href":"https:\/\/comunidadycambio.org\/nuevo\/wp-json\/wp\/v2\/comments?post=3860"}],"version-history":[{"count":2,"href":"https:\/\/comunidadycambio.org\/nuevo\/wp-json\/wp\/v2\/posts\/3860\/revisions"}],"predecessor-version":[{"id":3869,"href":"https:\/\/comunidadycambio.org\/nuevo\/wp-json\/wp\/v2\/posts\/3860\/revisions\/3869"}],"wp:attachment":[{"href":"https:\/\/comunidadycambio.org\/nuevo\/wp-json\/wp\/v2\/media?parent=3860"}],"wp:term":[{"taxonomy":"category","embeddable":true,"href":"https:\/\/comunidadycambio.org\/nuevo\/wp-json\/wp\/v2\/categories?post=3860"},{"taxonomy":"post_tag","embeddable":true,"href":"https:\/\/comunidadycambio.org\/nuevo\/wp-json\/wp\/v2\/tags?post=3860"}],"curies":[{"name":"wp","href":"https:\/\/api.w.org\/{rel}","templated":true}]}}