{"id":3890,"date":"2018-02-16T12:26:41","date_gmt":"2018-02-16T12:26:41","guid":{"rendered":"http:\/\/comunidadycambio.org\/nuevo\/?p=3890"},"modified":"2018-02-16T12:26:41","modified_gmt":"2018-02-16T12:26:41","slug":"10-anos-promoviendo-el-buentrato-2","status":"publish","type":"post","link":"https:\/\/comunidadycambio.org\/nuevo\/10-anos-promoviendo-el-buentrato-2\/","title":{"rendered":"10 a\u00f1os promoviendo el buentrato"},"content":{"rendered":"<p>El a\u00f1o 2017 fue de celebraci\u00f3n, ya que cumplimos 10 a\u00f1os promoviendo el Buentrato.<\/p>\n<p>Villa Mar\u00eda fue el primer lugar de Argentina donde se implement\u00f3 la propuesta de \u00abUn trato x el buentrato\u00bb, y desde el centro del pa\u00eds hemos compartido y contagiado por diferentes lugares de Argentina las capacitaciones y campa\u00f1a. \u00a0Agradecemos a los amigos de CLAVES, JPC de Uruguay, por su gentileza en compartir su idea y \u00a0camino transitado.<\/p>\n<p>&nbsp;<\/p>\n<p><iframe data-src=\"https:\/\/www.youtube.com\/embed\/OZk9-ZBo2Mk\" width=\"560\" height=\"315\" frameborder=\"0\" allowfullscreen=\"allowfullscreen\" src=\"data:image\/svg+xml;base64,PHN2ZyB3aWR0aD0iMSIgaGVpZ2h0PSIxIiB4bWxucz0iaHR0cDovL3d3dy53My5vcmcvMjAwMC9zdmciPjwvc3ZnPg==\" class=\"lazyload\" data-load-mode=\"1\"><\/iframe><\/p>\n","protected":false},"excerpt":{"rendered":"<p>El a\u00f1o 2017 fue de celebraci\u00f3n, ya que cumplimos 10 a\u00f1os promoviendo el Buentrato. Villa Mar\u00eda fue el primer lugar de Argentina donde se implement\u00f3 la propuesta de \u00abUn trato x el buentrato\u00bb, y desde el centro del pa\u00eds hemos compartido y contagiado por diferentes lugares de Argentina las capacitaciones y campa\u00f1a. \u00a0Agradecemos a los [&hellip;]<\/p>\n","protected":false},"author":2,"featured_media":3891,"comment_status":"closed","ping_status":"closed","sticky":false,"template":"","format":"standard","meta":{"_et_pb_use_builder":"","_et_pb_old_content":"","_et_gb_content_width":"","_exactmetrics_skip_tracking":false,"_exactmetrics_sitenote_active":false,"_exactmetrics_sitenote_note":"","_exactmetrics_sitenote_category":0,"footnotes":""},"categories":[45],"tags":[46,128,84,95,127],"class_list":["post-3890","post","type-post","status-publish","format-standard","has-post-thumbnail","hentry","category-videos","tag-buentrato","tag-campana-buentrato","tag-ninez-y-adolescencia","tag-participacion","tag-un-trato-x-el-buentrato"],"_links":{"self":[{"href":"https:\/\/comunidadycambio.org\/nuevo\/wp-json\/wp\/v2\/posts\/3890","targetHints":{"allow":["GET"]}}],"collection":[{"href":"https:\/\/comunidadycambio.org\/nuevo\/wp-json\/wp\/v2\/posts"}],"about":[{"href":"https:\/\/comunidadycambio.org\/nuevo\/wp-json\/wp\/v2\/types\/post"}],"author":[{"embeddable":true,"href":"https:\/\/comunidadycambio.org\/nuevo\/wp-json\/wp\/v2\/users\/2"}],"replies":[{"embeddable":true,"href":"https:\/\/comunidadycambio.org\/nuevo\/wp-json\/wp\/v2\/comments?post=3890"}],"version-history":[{"count":1,"href":"https:\/\/comunidadycambio.org\/nuevo\/wp-json\/wp\/v2\/posts\/3890\/revisions"}],"predecessor-version":[{"id":3892,"href":"https:\/\/comunidadycambio.org\/nuevo\/wp-json\/wp\/v2\/posts\/3890\/revisions\/3892"}],"wp:featuredmedia":[{"embeddable":true,"href":"https:\/\/comunidadycambio.org\/nuevo\/wp-json\/wp\/v2\/media\/3891"}],"wp:attachment":[{"href":"https:\/\/comunidadycambio.org\/nuevo\/wp-json\/wp\/v2\/media?parent=3890"}],"wp:term":[{"taxonomy":"category","embeddable":true,"href":"https:\/\/comunidadycambio.org\/nuevo\/wp-json\/wp\/v2\/categories?post=3890"},{"taxonomy":"post_tag","embeddable":true,"href":"https:\/\/comunidadycambio.org\/nuevo\/wp-json\/wp\/v2\/tags?post=3890"}],"curies":[{"name":"wp","href":"https:\/\/api.w.org\/{rel}","templated":true}]}}