{"id":3898,"date":"2018-03-08T15:02:55","date_gmt":"2018-03-08T15:02:55","guid":{"rendered":"http:\/\/comunidadycambio.org\/nuevo\/?p=3898"},"modified":"2018-03-08T15:11:11","modified_gmt":"2018-03-08T15:11:11","slug":"en-el-dia-de-la-mujer","status":"publish","type":"post","link":"https:\/\/comunidadycambio.org\/nuevo\/en-el-dia-de-la-mujer\/","title":{"rendered":"En el d\u00eda de la mujer"},"content":{"rendered":"<p><img decoding=\"async\" class=\"alignnone size-large wp-image-3899 lazyload\" data-src=\"https:\/\/comunidadycambio.org\/nuevo\/wp-content\/uploads\/2018\/03\/27709579_2133671073534068_1587723712136237986_o-1024x683.jpg\" alt=\"\" width=\"1024\" height=\"683\" data-srcset=\"https:\/\/comunidadycambio.org\/nuevo\/wp-content\/uploads\/2018\/03\/27709579_2133671073534068_1587723712136237986_o-1024x683.jpg 1024w, https:\/\/comunidadycambio.org\/nuevo\/wp-content\/uploads\/2018\/03\/27709579_2133671073534068_1587723712136237986_o-300x200.jpg 300w, https:\/\/comunidadycambio.org\/nuevo\/wp-content\/uploads\/2018\/03\/27709579_2133671073534068_1587723712136237986_o-768x512.jpg 768w, https:\/\/comunidadycambio.org\/nuevo\/wp-content\/uploads\/2018\/03\/27709579_2133671073534068_1587723712136237986_o.jpg 1560w\" data-sizes=\"(max-width: 1024px) 100vw, 1024px\" src=\"data:image\/svg+xml;base64,PHN2ZyB3aWR0aD0iMSIgaGVpZ2h0PSIxIiB4bWxucz0iaHR0cDovL3d3dy53My5vcmcvMjAwMC9zdmciPjwvc3ZnPg==\" style=\"--smush-placeholder-width: 1024px; --smush-placeholder-aspect-ratio: 1024\/683;\" \/><\/p>\n<p>&nbsp;<\/p>\n<p>Paramos para escuchar la voz De Jes\u00fas, que nos hace espacio a su lado y nos anima y nos alienta a ocupar nuestro lugar en el proyecto inclusivo y liberador de Dios.<\/p>\n<p>Nos detenemos, como la samaritana junto al pozo, para reclamar nuestro derecho al agua y a la plenitud, a una vida justa y a la dignidad, al respeto y a la aceptaci\u00f3n de lo diverso.<\/p>\n<p>Paramos porque no queremos m\u00e1s mujeres asesinadas, porque pareciera que no aprendimos nada desde que violaron, mataron y descuartizar<span class=\"text_exposed_show\">on a aquella mujer del levita. <\/span><\/p>\n<p><span class=\"text_exposed_show\">Nos rebelamos ante los actos de agravio, ante los insultos, ante las provocaciones, ante los maltratos, ante las miradas perversas. Y nos revelamos como lo que somos: mujeres libres, due\u00f1as de nuestros cuerpos, de nuestras decisiones y de nuestros sue\u00f1os y proyectos. <\/span><\/p>\n<p><span class=\"text_exposed_show\">Paramos para solidarizarnos con la sirofenicia y con todas las mujeres que luchan por sus derechos y por los derechos de sus seres amados. <\/span><\/p>\n<p><span class=\"text_exposed_show\">Nos detenemos en medio del traj\u00edn cotidiano, como lo hizo Mar\u00eda para o\u00edr a Jes\u00fas, para leer un libro, para capacitarnos, para construirnos una vida, porque elegimos no conformarnos con los roles que tradicionalmente nos han asignado desde culturas patriarcales. <\/span><\/p>\n<p><span class=\"text_exposed_show\">Paramos para aprender de la Magdalena, que venci\u00f3 prejuicios, que ocup\u00f3 el espacio que otros le negaban, que se hizo visible en medio de las invisibilizaciones, que corri\u00f3 m\u00e1s r\u00e1pido que otros y que, sin temor alguno, se anim\u00f3 a gritarle al mundo que la luz le hab\u00eda ganado a la oscuridad, que la vida hab\u00eda triunfado sobre la muerte y que ninguna tumba podr\u00eda jam\u00e1s encerrar el proyecto inclusivo de Dios. <\/span><\/p>\n<p><span class=\"text_exposed_show\">Paramos para hacer memoria de las mujeres grandes, de las que abrieron caminos, de las que sembraron semillas de mundos nuevos, de las que pagaron con su sangre la defensa de nuestra dignidad, de las que no negociaron con los opresores, de las que no se dejaron manosear y a\u00fan de las que, violentadas por la fuerza cobarde de los d\u00e9biles, no se dejaron arrancar su condici\u00f3n de mujeres libres. <\/span><\/p>\n<p><span class=\"text_exposed_show\">Paramos porque no queremos ver m\u00e1s mujeres muertas, porque no queremos que nos impidan ser lo que deseamos ser, porque nos duelen los dolores de tanta mujer golpeada, violada, lastimada. <\/span><\/p>\n<p><span class=\"text_exposed_show\">Paramos porque sentimos los gritos, porque o\u00edmos los llantos y porque escuchamos los silencios de las que tienen miedo y son forzadas a callar\u2026 <\/span><\/p>\n<p><span class=\"text_exposed_show\">Paramos porque es tiempo de decir: Basta!!!. <\/span><\/p>\n<p><span class=\"text_exposed_show\">Paramos porque es la \u00fanica opci\u00f3n en medio de tanta hipocres\u00eda y tanta falsedad. <\/span><\/p>\n<p><span class=\"text_exposed_show\">Paramos porque ya no creemos en los discursos, en las buenas intenciones, en las promesas. <\/span><\/p>\n<p><span class=\"text_exposed_show\">Paramos porque no alcanza con expresar: <strong>\u201cni una menos\u201d<\/strong>. <\/span><\/p>\n<p><strong><span class=\"text_exposed_show\">Paramos porque \u201cvivas nos queremos\u201d. <\/span><\/strong><\/p>\n<p style=\"text-align: right;\"><span class=\"text_exposed_show\"><em><strong>Red Crearte<\/strong><\/em><\/span><\/p>\n","protected":false},"excerpt":{"rendered":"<p>&nbsp; Paramos para escuchar la voz De Jes\u00fas, que nos hace espacio a su lado y nos anima y nos alienta a ocupar nuestro lugar en el proyecto inclusivo y liberador de Dios. Nos detenemos, como la samaritana junto al pozo, para reclamar nuestro derecho al agua y a la plenitud, a una vida justa [&hellip;]<\/p>\n","protected":false},"author":2,"featured_media":3899,"comment_status":"closed","ping_status":"closed","sticky":false,"template":"","format":"standard","meta":{"_et_pb_use_builder":"","_et_pb_old_content":"","_et_gb_content_width":"","_exactmetrics_skip_tracking":false,"_exactmetrics_sitenote_active":false,"_exactmetrics_sitenote_note":"","_exactmetrics_sitenote_category":0,"footnotes":""},"categories":[48],"tags":[90,133,131,134,132],"class_list":["post-3898","post","type-post","status-publish","format-standard","has-post-thumbnail","hentry","category-recursos","tag-dia-de-la-mujer","tag-ni-una-menos","tag-paramos","tag-proyecto-inclusivo-y-liberador-de-dios","tag-vivas-nos-queremos"],"_links":{"self":[{"href":"https:\/\/comunidadycambio.org\/nuevo\/wp-json\/wp\/v2\/posts\/3898","targetHints":{"allow":["GET"]}}],"collection":[{"href":"https:\/\/comunidadycambio.org\/nuevo\/wp-json\/wp\/v2\/posts"}],"about":[{"href":"https:\/\/comunidadycambio.org\/nuevo\/wp-json\/wp\/v2\/types\/post"}],"author":[{"embeddable":true,"href":"https:\/\/comunidadycambio.org\/nuevo\/wp-json\/wp\/v2\/users\/2"}],"replies":[{"embeddable":true,"href":"https:\/\/comunidadycambio.org\/nuevo\/wp-json\/wp\/v2\/comments?post=3898"}],"version-history":[{"count":1,"href":"https:\/\/comunidadycambio.org\/nuevo\/wp-json\/wp\/v2\/posts\/3898\/revisions"}],"predecessor-version":[{"id":3900,"href":"https:\/\/comunidadycambio.org\/nuevo\/wp-json\/wp\/v2\/posts\/3898\/revisions\/3900"}],"wp:featuredmedia":[{"embeddable":true,"href":"https:\/\/comunidadycambio.org\/nuevo\/wp-json\/wp\/v2\/media\/3899"}],"wp:attachment":[{"href":"https:\/\/comunidadycambio.org\/nuevo\/wp-json\/wp\/v2\/media?parent=3898"}],"wp:term":[{"taxonomy":"category","embeddable":true,"href":"https:\/\/comunidadycambio.org\/nuevo\/wp-json\/wp\/v2\/categories?post=3898"},{"taxonomy":"post_tag","embeddable":true,"href":"https:\/\/comunidadycambio.org\/nuevo\/wp-json\/wp\/v2\/tags?post=3898"}],"curies":[{"name":"wp","href":"https:\/\/api.w.org\/{rel}","templated":true}]}}