{"id":3922,"date":"2018-06-11T13:56:31","date_gmt":"2018-06-11T13:56:31","guid":{"rendered":"http:\/\/comunidadycambio.org\/nuevo\/?p=3922"},"modified":"2018-06-25T15:11:07","modified_gmt":"2018-06-25T15:11:07","slug":"curso-virtual-asi-en-la-tierra-como-en-el-cielo","status":"publish","type":"post","link":"https:\/\/comunidadycambio.org\/nuevo\/curso-virtual-asi-en-la-tierra-como-en-el-cielo\/","title":{"rendered":"Curso Virtual: As\u00ed en la tierra como en el cielo"},"content":{"rendered":"<p>\u00bfPor qu\u00e9 deber\u00edamos vivir de forma m\u00e1s sostenible y c\u00f3mo podemos hacerlo en nuestra vida cotidiana?<br \/>\nTenemos el agrado de presentar el curso virtual \u00abAs\u00ed en la tierra como en el cielo\u00bb, de 5 semanas de duraci\u00f3n.<br \/>\nUn espacio donde reflexionaremos acerca de la tarea de la humanidad en torno al medio ambiente, desde una perspectiva b\u00edblica.\u00a0<img decoding=\"async\" class=\"alignnone size-large wp-image-3923 lazyload\" data-src=\"https:\/\/comunidadycambio.org\/nuevo\/wp-content\/uploads\/2018\/06\/fullsizeoutput_5da-729x1024.jpeg\" alt=\"\" width=\"729\" height=\"1024\" data-srcset=\"https:\/\/comunidadycambio.org\/nuevo\/wp-content\/uploads\/2018\/06\/fullsizeoutput_5da-729x1024.jpeg 729w, https:\/\/comunidadycambio.org\/nuevo\/wp-content\/uploads\/2018\/06\/fullsizeoutput_5da-214x300.jpeg 214w, https:\/\/comunidadycambio.org\/nuevo\/wp-content\/uploads\/2018\/06\/fullsizeoutput_5da.jpeg 750w\" data-sizes=\"(max-width: 729px) 100vw, 729px\" src=\"data:image\/svg+xml;base64,PHN2ZyB3aWR0aD0iMSIgaGVpZ2h0PSIxIiB4bWxucz0iaHR0cDovL3d3dy53My5vcmcvMjAwMC9zdmciPjwvc3ZnPg==\" style=\"--smush-placeholder-width: 729px; --smush-placeholder-aspect-ratio: 729\/1024;\" \/><\/p>\n<p>Enlace al PDF del programa:<span style=\"text-decoration: underline;\">\u00a0<span style=\"color: #0000ff; text-decoration: underline;\"><strong><a style=\"color: #0000ff; text-decoration: underline;\" href=\"https:\/\/comunidadycambio.org\/nuevo\/wp-content\/uploads\/2018\/06\/Programa-del-curso-Asi-en-la-tierra.pdf\">Programa-del-curso-Asi-en-la-tierra<\/a><\/strong><\/span><\/span><\/p>\n<p>Para mayor informaci\u00f3n no dudes en contactarnos.<br \/>\ncyc@comunidadycambio.org<\/p>\n","protected":false},"excerpt":{"rendered":"<p>\u00bfPor qu\u00e9 deber\u00edamos vivir de forma m\u00e1s sostenible y c\u00f3mo podemos hacerlo en nuestra vida cotidiana? Tenemos el agrado de presentar el curso virtual \u00abAs\u00ed en la tierra como en el cielo\u00bb, de 5 semanas de duraci\u00f3n. Un espacio donde reflexionaremos acerca de la tarea de la humanidad en torno al medio ambiente, desde una [&hellip;]<\/p>\n","protected":false},"author":2,"featured_media":0,"comment_status":"closed","ping_status":"closed","sticky":false,"template":"","format":"standard","meta":{"_et_pb_use_builder":"","_et_pb_old_content":"","_et_gb_content_width":"","_exactmetrics_skip_tracking":false,"_exactmetrics_sitenote_active":false,"_exactmetrics_sitenote_note":"","_exactmetrics_sitenote_category":0,"footnotes":""},"categories":[48],"tags":[94,85,40],"class_list":["post-3922","post","type-post","status-publish","format-standard","hentry","category-recursos","tag-capacitacion","tag-curso-virtual","tag-medio-ambiente"],"_links":{"self":[{"href":"https:\/\/comunidadycambio.org\/nuevo\/wp-json\/wp\/v2\/posts\/3922","targetHints":{"allow":["GET"]}}],"collection":[{"href":"https:\/\/comunidadycambio.org\/nuevo\/wp-json\/wp\/v2\/posts"}],"about":[{"href":"https:\/\/comunidadycambio.org\/nuevo\/wp-json\/wp\/v2\/types\/post"}],"author":[{"embeddable":true,"href":"https:\/\/comunidadycambio.org\/nuevo\/wp-json\/wp\/v2\/users\/2"}],"replies":[{"embeddable":true,"href":"https:\/\/comunidadycambio.org\/nuevo\/wp-json\/wp\/v2\/comments?post=3922"}],"version-history":[{"count":6,"href":"https:\/\/comunidadycambio.org\/nuevo\/wp-json\/wp\/v2\/posts\/3922\/revisions"}],"predecessor-version":[{"id":3934,"href":"https:\/\/comunidadycambio.org\/nuevo\/wp-json\/wp\/v2\/posts\/3922\/revisions\/3934"}],"wp:attachment":[{"href":"https:\/\/comunidadycambio.org\/nuevo\/wp-json\/wp\/v2\/media?parent=3922"}],"wp:term":[{"taxonomy":"category","embeddable":true,"href":"https:\/\/comunidadycambio.org\/nuevo\/wp-json\/wp\/v2\/categories?post=3922"},{"taxonomy":"post_tag","embeddable":true,"href":"https:\/\/comunidadycambio.org\/nuevo\/wp-json\/wp\/v2\/tags?post=3922"}],"curies":[{"name":"wp","href":"https:\/\/api.w.org\/{rel}","templated":true}]}}