{"id":3940,"date":"2018-07-17T14:12:25","date_gmt":"2018-07-17T14:12:25","guid":{"rendered":"http:\/\/comunidadycambio.org\/nuevo\/?p=3940"},"modified":"2018-07-17T14:14:38","modified_gmt":"2018-07-17T14:14:38","slug":"capacitaciones-sobre-infancias-en-el-mes-de-agosto","status":"publish","type":"post","link":"https:\/\/comunidadycambio.org\/nuevo\/capacitaciones-sobre-infancias-en-el-mes-de-agosto\/","title":{"rendered":"Capacitaciones sobre infancias en el mes de Agosto"},"content":{"rendered":"<p><strong>Comunidad y Cambio\u00a0<\/strong>tiene el agrado de invitarlos a participar de las conferencias y talleres de capacitaci\u00f3n sobre Infancias, que se realizar\u00e1n el pr\u00f3ximo mes de agosto en la ciudad de Villa Mar\u00eda, a cargo de la Psiquiatra Infantil, Dra. Magdalena Garc\u00eda Trovero,integrante del equipo de CLAVES, Uruguay.\u00a0<img decoding=\"async\" class=\"alignnone size-large wp-image-3941 lazyload\" data-src=\"https:\/\/comunidadycambio.org\/nuevo\/wp-content\/uploads\/2018\/07\/Magdalena-flyers-01_Mesa-de-trabajo-1-724x1024.png\" alt=\"\" width=\"724\" height=\"1024\" data-srcset=\"https:\/\/comunidadycambio.org\/nuevo\/wp-content\/uploads\/2018\/07\/Magdalena-flyers-01_Mesa-de-trabajo-1-724x1024.png 724w, https:\/\/comunidadycambio.org\/nuevo\/wp-content\/uploads\/2018\/07\/Magdalena-flyers-01_Mesa-de-trabajo-1-212x300.png 212w, https:\/\/comunidadycambio.org\/nuevo\/wp-content\/uploads\/2018\/07\/Magdalena-flyers-01_Mesa-de-trabajo-1-768x1086.png 768w\" data-sizes=\"(max-width: 724px) 100vw, 724px\" src=\"data:image\/svg+xml;base64,PHN2ZyB3aWR0aD0iMSIgaGVpZ2h0PSIxIiB4bWxucz0iaHR0cDovL3d3dy53My5vcmcvMjAwMC9zdmciPjwvc3ZnPg==\" style=\"--smush-placeholder-width: 724px; --smush-placeholder-aspect-ratio: 724\/1024;\" \/><img decoding=\"async\" class=\"alignnone size-large wp-image-3942 lazyload\" data-src=\"https:\/\/comunidadycambio.org\/nuevo\/wp-content\/uploads\/2018\/07\/Magdalena-flyers-01-02-724x1024.png\" alt=\"\" width=\"724\" height=\"1024\" data-srcset=\"https:\/\/comunidadycambio.org\/nuevo\/wp-content\/uploads\/2018\/07\/Magdalena-flyers-01-02-724x1024.png 724w, https:\/\/comunidadycambio.org\/nuevo\/wp-content\/uploads\/2018\/07\/Magdalena-flyers-01-02-212x300.png 212w, https:\/\/comunidadycambio.org\/nuevo\/wp-content\/uploads\/2018\/07\/Magdalena-flyers-01-02-768x1086.png 768w\" data-sizes=\"(max-width: 724px) 100vw, 724px\" src=\"data:image\/svg+xml;base64,PHN2ZyB3aWR0aD0iMSIgaGVpZ2h0PSIxIiB4bWxucz0iaHR0cDovL3d3dy53My5vcmcvMjAwMC9zdmciPjwvc3ZnPg==\" style=\"--smush-placeholder-width: 724px; --smush-placeholder-aspect-ratio: 724\/1024;\" \/><img decoding=\"async\" class=\"alignnone size-large wp-image-3943 lazyload\" data-src=\"https:\/\/comunidadycambio.org\/nuevo\/wp-content\/uploads\/2018\/07\/Magdalena-flyers-01-03-724x1024.png\" alt=\"\" width=\"724\" height=\"1024\" data-srcset=\"https:\/\/comunidadycambio.org\/nuevo\/wp-content\/uploads\/2018\/07\/Magdalena-flyers-01-03-724x1024.png 724w, https:\/\/comunidadycambio.org\/nuevo\/wp-content\/uploads\/2018\/07\/Magdalena-flyers-01-03-212x300.png 212w, https:\/\/comunidadycambio.org\/nuevo\/wp-content\/uploads\/2018\/07\/Magdalena-flyers-01-03-768x1086.png 768w\" data-sizes=\"(max-width: 724px) 100vw, 724px\" src=\"data:image\/svg+xml;base64,PHN2ZyB3aWR0aD0iMSIgaGVpZ2h0PSIxIiB4bWxucz0iaHR0cDovL3d3dy53My5vcmcvMjAwMC9zdmciPjwvc3ZnPg==\" style=\"--smush-placeholder-width: 724px; --smush-placeholder-aspect-ratio: 724\/1024;\" \/><\/p>\n","protected":false},"excerpt":{"rendered":"<p>Comunidad y Cambio\u00a0tiene el agrado de invitarlos a participar de las conferencias y talleres de capacitaci\u00f3n sobre Infancias, que se realizar\u00e1n el pr\u00f3ximo mes de agosto en la ciudad de Villa Mar\u00eda, a cargo de la Psiquiatra Infantil, Dra. Magdalena Garc\u00eda Trovero,integrante del equipo de CLAVES, Uruguay.\u00a0<\/p>\n","protected":false},"author":2,"featured_media":0,"comment_status":"closed","ping_status":"closed","sticky":false,"template":"","format":"standard","meta":{"_et_pb_use_builder":"","_et_pb_old_content":"","_et_gb_content_width":"","_exactmetrics_skip_tracking":false,"_exactmetrics_sitenote_active":false,"_exactmetrics_sitenote_note":"","_exactmetrics_sitenote_category":0,"footnotes":""},"categories":[1],"tags":[],"class_list":["post-3940","post","type-post","status-publish","format-standard","hentry","category-sin-categoria"],"_links":{"self":[{"href":"https:\/\/comunidadycambio.org\/nuevo\/wp-json\/wp\/v2\/posts\/3940","targetHints":{"allow":["GET"]}}],"collection":[{"href":"https:\/\/comunidadycambio.org\/nuevo\/wp-json\/wp\/v2\/posts"}],"about":[{"href":"https:\/\/comunidadycambio.org\/nuevo\/wp-json\/wp\/v2\/types\/post"}],"author":[{"embeddable":true,"href":"https:\/\/comunidadycambio.org\/nuevo\/wp-json\/wp\/v2\/users\/2"}],"replies":[{"embeddable":true,"href":"https:\/\/comunidadycambio.org\/nuevo\/wp-json\/wp\/v2\/comments?post=3940"}],"version-history":[{"count":1,"href":"https:\/\/comunidadycambio.org\/nuevo\/wp-json\/wp\/v2\/posts\/3940\/revisions"}],"predecessor-version":[{"id":3944,"href":"https:\/\/comunidadycambio.org\/nuevo\/wp-json\/wp\/v2\/posts\/3940\/revisions\/3944"}],"wp:attachment":[{"href":"https:\/\/comunidadycambio.org\/nuevo\/wp-json\/wp\/v2\/media?parent=3940"}],"wp:term":[{"taxonomy":"category","embeddable":true,"href":"https:\/\/comunidadycambio.org\/nuevo\/wp-json\/wp\/v2\/categories?post=3940"},{"taxonomy":"post_tag","embeddable":true,"href":"https:\/\/comunidadycambio.org\/nuevo\/wp-json\/wp\/v2\/tags?post=3940"}],"curies":[{"name":"wp","href":"https:\/\/api.w.org\/{rel}","templated":true}]}}