{"id":4013,"date":"2018-09-21T10:01:33","date_gmt":"2018-09-21T10:01:33","guid":{"rendered":"http:\/\/comunidadycambio.org\/nuevo\/?p=4013"},"modified":"2018-09-21T10:01:33","modified_gmt":"2018-09-21T10:01:33","slug":"dia-mundial-de-oracion-por-las-victimas-de-la-trata-de-personas","status":"publish","type":"post","link":"https:\/\/comunidadycambio.org\/nuevo\/dia-mundial-de-oracion-por-las-victimas-de-la-trata-de-personas\/","title":{"rendered":"D\u00eda Mundial de oraci\u00f3n por las v\u00edctimas de la trata de personas"},"content":{"rendered":"<p>Domingo 23 de Septiembre de 2018<\/p>\n<p>Nos unimos a el Ej\u00e9rcito de Salvaci\u00f3n y muchos otros grupos e iglesias en oraci\u00f3n, intercediendo por las v\u00edctimas de la trata de personas.<\/p>\n<p><img decoding=\"async\" class=\"alignnone size-full wp-image-4014 lazyload\" data-src=\"https:\/\/comunidadycambio.org\/nuevo\/wp-content\/uploads\/2018\/09\/dia-mundial-de-oracion-trata.png\" alt=\"\" width=\"453\" height=\"622\" data-srcset=\"https:\/\/comunidadycambio.org\/nuevo\/wp-content\/uploads\/2018\/09\/dia-mundial-de-oracion-trata.png 453w, https:\/\/comunidadycambio.org\/nuevo\/wp-content\/uploads\/2018\/09\/dia-mundial-de-oracion-trata-218x300.png 218w\" data-sizes=\"(max-width: 453px) 100vw, 453px\" src=\"data:image\/svg+xml;base64,PHN2ZyB3aWR0aD0iMSIgaGVpZ2h0PSIxIiB4bWxucz0iaHR0cDovL3d3dy53My5vcmcvMjAwMC9zdmciPjwvc3ZnPg==\" style=\"--smush-placeholder-width: 453px; --smush-placeholder-aspect-ratio: 453\/622;\" \/><\/p>\n","protected":false},"excerpt":{"rendered":"<p>Domingo 23 de Septiembre de 2018 Nos unimos a el Ej\u00e9rcito de Salvaci\u00f3n y muchos otros grupos e iglesias en oraci\u00f3n, intercediendo por las v\u00edctimas de la trata de personas.<\/p>\n","protected":false},"author":2,"featured_media":0,"comment_status":"closed","ping_status":"closed","sticky":false,"template":"","format":"standard","meta":{"_et_pb_use_builder":"","_et_pb_old_content":"","_et_gb_content_width":"","_exactmetrics_skip_tracking":false,"_exactmetrics_sitenote_active":false,"_exactmetrics_sitenote_note":"","_exactmetrics_sitenote_category":0,"footnotes":""},"categories":[37],"tags":[102,144,135,71,70],"class_list":["post-4013","post","type-post","status-publish","format-standard","hentry","category-reflexion","tag-derechos-humanos","tag-oracionporlasvictimasdelatrata","tag-sembrando-la-paz","tag-trafico-de-personas","tag-trata"],"_links":{"self":[{"href":"https:\/\/comunidadycambio.org\/nuevo\/wp-json\/wp\/v2\/posts\/4013","targetHints":{"allow":["GET"]}}],"collection":[{"href":"https:\/\/comunidadycambio.org\/nuevo\/wp-json\/wp\/v2\/posts"}],"about":[{"href":"https:\/\/comunidadycambio.org\/nuevo\/wp-json\/wp\/v2\/types\/post"}],"author":[{"embeddable":true,"href":"https:\/\/comunidadycambio.org\/nuevo\/wp-json\/wp\/v2\/users\/2"}],"replies":[{"embeddable":true,"href":"https:\/\/comunidadycambio.org\/nuevo\/wp-json\/wp\/v2\/comments?post=4013"}],"version-history":[{"count":1,"href":"https:\/\/comunidadycambio.org\/nuevo\/wp-json\/wp\/v2\/posts\/4013\/revisions"}],"predecessor-version":[{"id":4015,"href":"https:\/\/comunidadycambio.org\/nuevo\/wp-json\/wp\/v2\/posts\/4013\/revisions\/4015"}],"wp:attachment":[{"href":"https:\/\/comunidadycambio.org\/nuevo\/wp-json\/wp\/v2\/media?parent=4013"}],"wp:term":[{"taxonomy":"category","embeddable":true,"href":"https:\/\/comunidadycambio.org\/nuevo\/wp-json\/wp\/v2\/categories?post=4013"},{"taxonomy":"post_tag","embeddable":true,"href":"https:\/\/comunidadycambio.org\/nuevo\/wp-json\/wp\/v2\/tags?post=4013"}],"curies":[{"name":"wp","href":"https:\/\/api.w.org\/{rel}","templated":true}]}}