{"id":4138,"date":"2019-10-04T12:11:19","date_gmt":"2019-10-04T15:11:19","guid":{"rendered":"http:\/\/comunidadycambio.org\/nuevo\/?p=4138"},"modified":"2019-10-04T12:11:19","modified_gmt":"2019-10-04T15:11:19","slug":"lanzamiento-campana-buentrato-2019","status":"publish","type":"post","link":"https:\/\/comunidadycambio.org\/nuevo\/lanzamiento-campana-buentrato-2019\/","title":{"rendered":"Lanzamiento Campa\u00f1a Buentrato 2019"},"content":{"rendered":"<p>El d\u00eda martes 1 de octubre se realiz\u00f3 el Lanzamiento de la 12 Campa\u00f1a de Vacunaci\u00f3n \u00abUn trato x el Buentrato\u00bb, en la ciudad de Villa Mar\u00eda, C\u00f3rdoba, Argentina.<\/p>\n<p>Estamos convencidos que la violencia es aprendida. Si un Ni\u00f1o o Ni\u00f1a crece en contextos de violencia, sin ejemplos de amor y contenci\u00f3n les ser\u00e1 dif\u00edcil relacionarse de otra manera.<\/p>\n<p>El informe de UNICEF \u201cUna situaci\u00f3n habitual. Violencia en las vidas de los ni\u00f1os, ni\u00f1as y adolescentes.\u201d<\/p>\n<p><strong>DISCIPLINA VIOLENTA Y EXPOSICI\u00d3N A LA VIOLENCIA DOM\u00c9STICA EN LA PRIMERA INFANCIA <\/strong><\/p>\n<p>Cerca de <span style=\"color: #000080;\">300 MILLONES<\/span> de ni\u00f1os de 2 a 4 a\u00f1os en todo el mundo (3 de cada 4) son habitualmente v\u00edctimas de alg\u00fan tipo de disciplina violenta por parte de sus cuidadores;<\/p>\n<p><span style=\"color: #000080;\">250 MILLONES\u00a0<\/span> (alrededor de 6 de cada 10) son castigados por medios f\u00edsicos.<\/p>\n<p>En todo el mundo,\u00a0 <span style=\"color: #000080;\">1 DE CADA 4<\/span> ni\u00f1os menores de 5 a\u00f1os (176 millones)<\/p>\n<p>viven con una madre que es v\u00edctima de violencia de pareja.<\/p>\n<p>En Argentina, los m\u00e9todos de disciplina violenta, que incluyen castigos f\u00edsicos y maltrato psicol\u00f3gico, afectan a<span style=\"color: #000080;\"> 7 de cada 10 chicos y chicas<\/span> de entre 2 y 4 a\u00f1os, seg\u00fan el estudio global difundido por UNICEF.<\/p>\n<p>Desde la defensor\u00eda de las ni\u00f1as, ni\u00f1os y adolescentes de la provincia, Amelia L\u00f3pez Loforte, asegura que de esta manera se est\u00e1n criando y disciplinando ni\u00f1os violentos, ya que crecen en \u00e1mbitos de violencia.<\/p>\n<p>Son las acciones que podemos cambiar, los compromisos que podemos asumir (no importa lo peque\u00f1os que sean) los que nos van a permitir construir otra manera de relacionarnos cada d\u00eda.<\/p>\n<p><span style=\"color: #333399;\"><strong>Poner fin a la violencia contra los ni\u00f1os es responsabilidad de todos.<\/strong><\/span><\/p>\n<p><img decoding=\"async\" class=\"alignnone size-large wp-image-4139 lazyload\" data-src=\"https:\/\/comunidadycambio.org\/nuevo\/wp-content\/uploads\/2019\/10\/DSC_0163-1024x678.jpg\" alt=\"DSC_0163\" width=\"1024\" height=\"678\" data-srcset=\"https:\/\/comunidadycambio.org\/nuevo\/wp-content\/uploads\/2019\/10\/DSC_0163-1024x678.jpg 1024w, https:\/\/comunidadycambio.org\/nuevo\/wp-content\/uploads\/2019\/10\/DSC_0163-300x199.jpg 300w\" data-sizes=\"(max-width: 1024px) 100vw, 1024px\" src=\"data:image\/svg+xml;base64,PHN2ZyB3aWR0aD0iMSIgaGVpZ2h0PSIxIiB4bWxucz0iaHR0cDovL3d3dy53My5vcmcvMjAwMC9zdmciPjwvc3ZnPg==\" style=\"--smush-placeholder-width: 1024px; --smush-placeholder-aspect-ratio: 1024\/678;\" \/> <img decoding=\"async\" class=\"alignnone size-large wp-image-4140 lazyload\" data-src=\"https:\/\/comunidadycambio.org\/nuevo\/wp-content\/uploads\/2019\/10\/DSC_0167-1024x678.jpg\" alt=\"DSC_0167\" width=\"1024\" height=\"678\" data-srcset=\"https:\/\/comunidadycambio.org\/nuevo\/wp-content\/uploads\/2019\/10\/DSC_0167-1024x678.jpg 1024w, https:\/\/comunidadycambio.org\/nuevo\/wp-content\/uploads\/2019\/10\/DSC_0167-300x199.jpg 300w\" data-sizes=\"(max-width: 1024px) 100vw, 1024px\" src=\"data:image\/svg+xml;base64,PHN2ZyB3aWR0aD0iMSIgaGVpZ2h0PSIxIiB4bWxucz0iaHR0cDovL3d3dy53My5vcmcvMjAwMC9zdmciPjwvc3ZnPg==\" style=\"--smush-placeholder-width: 1024px; --smush-placeholder-aspect-ratio: 1024\/678;\" \/> <img decoding=\"async\" class=\"alignnone size-large wp-image-4141 lazyload\" data-src=\"https:\/\/comunidadycambio.org\/nuevo\/wp-content\/uploads\/2019\/10\/DSC_0169-1024x678.jpg\" alt=\"DSC_0169\" width=\"1024\" height=\"678\" data-srcset=\"https:\/\/comunidadycambio.org\/nuevo\/wp-content\/uploads\/2019\/10\/DSC_0169-1024x678.jpg 1024w, https:\/\/comunidadycambio.org\/nuevo\/wp-content\/uploads\/2019\/10\/DSC_0169-300x199.jpg 300w\" data-sizes=\"(max-width: 1024px) 100vw, 1024px\" src=\"data:image\/svg+xml;base64,PHN2ZyB3aWR0aD0iMSIgaGVpZ2h0PSIxIiB4bWxucz0iaHR0cDovL3d3dy53My5vcmcvMjAwMC9zdmciPjwvc3ZnPg==\" style=\"--smush-placeholder-width: 1024px; --smush-placeholder-aspect-ratio: 1024\/678;\" \/> <img decoding=\"async\" class=\"alignnone size-large wp-image-4143 lazyload\" data-src=\"https:\/\/comunidadycambio.org\/nuevo\/wp-content\/uploads\/2019\/10\/DSC_0194-1024x678.jpg\" alt=\"DSC_0194\" width=\"1024\" height=\"678\" data-srcset=\"https:\/\/comunidadycambio.org\/nuevo\/wp-content\/uploads\/2019\/10\/DSC_0194-1024x678.jpg 1024w, https:\/\/comunidadycambio.org\/nuevo\/wp-content\/uploads\/2019\/10\/DSC_0194-300x199.jpg 300w\" data-sizes=\"(max-width: 1024px) 100vw, 1024px\" src=\"data:image\/svg+xml;base64,PHN2ZyB3aWR0aD0iMSIgaGVpZ2h0PSIxIiB4bWxucz0iaHR0cDovL3d3dy53My5vcmcvMjAwMC9zdmciPjwvc3ZnPg==\" style=\"--smush-placeholder-width: 1024px; --smush-placeholder-aspect-ratio: 1024\/678;\" \/> <img decoding=\"async\" class=\"alignnone size-large wp-image-4144 lazyload\" data-src=\"https:\/\/comunidadycambio.org\/nuevo\/wp-content\/uploads\/2019\/10\/DSC_0199-1024x678.jpg\" alt=\"DSC_0199\" width=\"1024\" height=\"678\" data-srcset=\"https:\/\/comunidadycambio.org\/nuevo\/wp-content\/uploads\/2019\/10\/DSC_0199-1024x678.jpg 1024w, https:\/\/comunidadycambio.org\/nuevo\/wp-content\/uploads\/2019\/10\/DSC_0199-300x199.jpg 300w\" data-sizes=\"(max-width: 1024px) 100vw, 1024px\" src=\"data:image\/svg+xml;base64,PHN2ZyB3aWR0aD0iMSIgaGVpZ2h0PSIxIiB4bWxucz0iaHR0cDovL3d3dy53My5vcmcvMjAwMC9zdmciPjwvc3ZnPg==\" style=\"--smush-placeholder-width: 1024px; --smush-placeholder-aspect-ratio: 1024\/678;\" \/> <img decoding=\"async\" class=\"alignnone size-large wp-image-4145 lazyload\" data-src=\"https:\/\/comunidadycambio.org\/nuevo\/wp-content\/uploads\/2019\/10\/DSC_0209-1024x678.jpg\" alt=\"DSC_0209\" width=\"1024\" height=\"678\" data-srcset=\"https:\/\/comunidadycambio.org\/nuevo\/wp-content\/uploads\/2019\/10\/DSC_0209-1024x678.jpg 1024w, https:\/\/comunidadycambio.org\/nuevo\/wp-content\/uploads\/2019\/10\/DSC_0209-300x199.jpg 300w\" data-sizes=\"(max-width: 1024px) 100vw, 1024px\" src=\"data:image\/svg+xml;base64,PHN2ZyB3aWR0aD0iMSIgaGVpZ2h0PSIxIiB4bWxucz0iaHR0cDovL3d3dy53My5vcmcvMjAwMC9zdmciPjwvc3ZnPg==\" style=\"--smush-placeholder-width: 1024px; --smush-placeholder-aspect-ratio: 1024\/678;\" \/> <img decoding=\"async\" class=\"alignnone size-large wp-image-4146 lazyload\" data-src=\"https:\/\/comunidadycambio.org\/nuevo\/wp-content\/uploads\/2019\/10\/DSC_0221-1024x678.jpg\" alt=\"DSC_0221\" width=\"1024\" height=\"678\" data-srcset=\"https:\/\/comunidadycambio.org\/nuevo\/wp-content\/uploads\/2019\/10\/DSC_0221-1024x678.jpg 1024w, https:\/\/comunidadycambio.org\/nuevo\/wp-content\/uploads\/2019\/10\/DSC_0221-300x199.jpg 300w\" data-sizes=\"(max-width: 1024px) 100vw, 1024px\" src=\"data:image\/svg+xml;base64,PHN2ZyB3aWR0aD0iMSIgaGVpZ2h0PSIxIiB4bWxucz0iaHR0cDovL3d3dy53My5vcmcvMjAwMC9zdmciPjwvc3ZnPg==\" style=\"--smush-placeholder-width: 1024px; --smush-placeholder-aspect-ratio: 1024\/678;\" \/><\/p>\n","protected":false},"excerpt":{"rendered":"<p>El d\u00eda martes 1 de octubre se realiz\u00f3 el Lanzamiento de la 12 Campa\u00f1a de Vacunaci\u00f3n \u00abUn trato x el Buentrato\u00bb, en la ciudad de Villa Mar\u00eda, C\u00f3rdoba, Argentina. Estamos convencidos que la violencia es aprendida. Si un Ni\u00f1o o Ni\u00f1a crece en contextos de violencia, sin ejemplos de amor y contenci\u00f3n les ser\u00e1 dif\u00edcil [&hellip;]<\/p>\n","protected":false},"author":2,"featured_media":4019,"comment_status":"closed","ping_status":"closed","sticky":false,"template":"","format":"standard","meta":{"_et_pb_use_builder":"","_et_pb_old_content":"","_et_gb_content_width":"","_exactmetrics_skip_tracking":false,"_exactmetrics_sitenote_active":false,"_exactmetrics_sitenote_note":"","_exactmetrics_sitenote_category":0,"footnotes":""},"categories":[1],"tags":[46,128,84],"class_list":["post-4138","post","type-post","status-publish","format-standard","has-post-thumbnail","hentry","category-sin-categoria","tag-buentrato","tag-campana-buentrato","tag-ninez-y-adolescencia"],"_links":{"self":[{"href":"https:\/\/comunidadycambio.org\/nuevo\/wp-json\/wp\/v2\/posts\/4138","targetHints":{"allow":["GET"]}}],"collection":[{"href":"https:\/\/comunidadycambio.org\/nuevo\/wp-json\/wp\/v2\/posts"}],"about":[{"href":"https:\/\/comunidadycambio.org\/nuevo\/wp-json\/wp\/v2\/types\/post"}],"author":[{"embeddable":true,"href":"https:\/\/comunidadycambio.org\/nuevo\/wp-json\/wp\/v2\/users\/2"}],"replies":[{"embeddable":true,"href":"https:\/\/comunidadycambio.org\/nuevo\/wp-json\/wp\/v2\/comments?post=4138"}],"version-history":[{"count":1,"href":"https:\/\/comunidadycambio.org\/nuevo\/wp-json\/wp\/v2\/posts\/4138\/revisions"}],"predecessor-version":[{"id":4147,"href":"https:\/\/comunidadycambio.org\/nuevo\/wp-json\/wp\/v2\/posts\/4138\/revisions\/4147"}],"wp:featuredmedia":[{"embeddable":true,"href":"https:\/\/comunidadycambio.org\/nuevo\/wp-json\/wp\/v2\/media\/4019"}],"wp:attachment":[{"href":"https:\/\/comunidadycambio.org\/nuevo\/wp-json\/wp\/v2\/media?parent=4138"}],"wp:term":[{"taxonomy":"category","embeddable":true,"href":"https:\/\/comunidadycambio.org\/nuevo\/wp-json\/wp\/v2\/categories?post=4138"},{"taxonomy":"post_tag","embeddable":true,"href":"https:\/\/comunidadycambio.org\/nuevo\/wp-json\/wp\/v2\/tags?post=4138"}],"curies":[{"name":"wp","href":"https:\/\/api.w.org\/{rel}","templated":true}]}}