{"id":4153,"date":"2020-02-05T12:03:59","date_gmt":"2020-02-05T15:03:59","guid":{"rendered":"http:\/\/comunidadycambio.org\/nuevo\/?p=4153"},"modified":"2020-02-05T12:03:59","modified_gmt":"2020-02-05T15:03:59","slug":"crecer-con-amor","status":"publish","type":"post","link":"https:\/\/comunidadycambio.org\/nuevo\/crecer-con-amor\/","title":{"rendered":"CRECER CON AMOR"},"content":{"rendered":"<p style=\"text-align: justify;\"><strong>\u00bfQu\u00e9 es <em>Crecer con amor<\/em>? <\/strong><\/p>\n<p style=\"text-align: justify;\">Es una capacitaci\u00f3n para que <strong>facilitadores <\/strong>de las iglesias, escuelas u organizaciones cristianas puedan realizar talleres con padres, madres, abuelos u otros adultos cuidadores.<\/p>\n<p style=\"text-align: justify;\">Los talleres buscan fortalecer en los adultos la valorizaci\u00f3n de los ni\u00f1os, el v\u00ednculo de apego y empat\u00eda, las habilidades de crianza, la capacidad de proteger, de aplicar disciplina con buentrato y establecer v\u00ednculos con la comunidad para contar con redes de apoyo en la crianza.<\/p>\n<p style=\"text-align: justify;\">\u201c<strong><em>Crecer con amor\u201d<\/em><\/strong>\u00a0 se realizar\u00e1 el <strong>29 de febrero y 1 de marzo de 2020<\/strong>, en las instalaciones de la Iglesia de calle Jujuy 270<strong>, Villa Mar\u00eda<\/strong>, Cba.<\/p>\n<p><strong>Temas de la capacitaci\u00f3n<\/strong><\/p>\n<p>&#8211; Familia: primer \u00e1mbito de Buentrato. Fortalezas y debilidades de la crianza. Hijos reales, alegr\u00edas y frustraciones.<\/p>\n<p>&#8211; Disciplina con buentrato, creciendo con seguridad.<\/p>\n<p>&#8211; Proteger la vida con amor (De 0-2 a\u00f1os, 3-5 a\u00f1os, 6-10 a\u00f1os).<\/p>\n<p>&#8211; Cambios. Pubertad y Adolescencia acompa\u00f1adas con amor.<\/p>\n<p>&#8211; Resiliencias familiares.<\/p>\n<p>&#8211; Comunicaci\u00f3n afectiva y efectiva. Saber escuchar, saber decir.<\/p>\n<p>&#8211; Prevenci\u00f3n de la violencia sexual. Ni\u00f1os, ni\u00f1as y adolescentes fortalecidos.<\/p>\n<p><strong>Capacitadora<\/strong><\/p>\n<p>Dra. Alicia Casas Gorgal, Coordinadora pedag\u00f3gica del Programa CLAVES, Juventud para Cristo, Uruguay. Doctora en Medicina. Especialista en Psiquiatr\u00eda. Educadora y terapeuta sexual. Postgrado de Estudios Ecum\u00e9nicos en la Universidad de Ginebra , Suiza. Postgrado en Liderazgo juvenil en Lima, Peru Terapeuta\u00a0 familiar sist\u00e9mica. \u00a0Terapeuta EMDR: EMDR\u00a0 Institute , Inc.; California. Directiva\u00a0 de la asociaci\u00f3n Civil Juventud para Cristo ( pastoral infancia y adolescencia).<\/p>\n<p><img decoding=\"async\" class=\"alignnone size-large wp-image-4154 lazyload\" data-src=\"https:\/\/comunidadycambio.org\/nuevo\/wp-content\/uploads\/2020\/02\/F8CB4AD3-B320-48CE-852B-E0DC622A64A3-723x1024.jpeg\" alt=\"F8CB4AD3-B320-48CE-852B-E0DC622A64A3\" width=\"723\" height=\"1024\" data-srcset=\"https:\/\/comunidadycambio.org\/nuevo\/wp-content\/uploads\/2020\/02\/F8CB4AD3-B320-48CE-852B-E0DC622A64A3-723x1024.jpeg 723w, https:\/\/comunidadycambio.org\/nuevo\/wp-content\/uploads\/2020\/02\/F8CB4AD3-B320-48CE-852B-E0DC622A64A3-212x300.jpeg 212w, https:\/\/comunidadycambio.org\/nuevo\/wp-content\/uploads\/2020\/02\/F8CB4AD3-B320-48CE-852B-E0DC622A64A3.jpeg 904w\" data-sizes=\"(max-width: 723px) 100vw, 723px\" src=\"data:image\/svg+xml;base64,PHN2ZyB3aWR0aD0iMSIgaGVpZ2h0PSIxIiB4bWxucz0iaHR0cDovL3d3dy53My5vcmcvMjAwMC9zdmciPjwvc3ZnPg==\" style=\"--smush-placeholder-width: 723px; --smush-placeholder-aspect-ratio: 723\/1024;\" \/><\/p>\n<p style=\"text-align: justify;\">\n<p style=\"text-align: justify;\">\n<p style=\"text-align: justify;\">Link para inscribirse<a href=\"https:\/\/forms.gle\/qWp5DTcLMLignXTU7\">\u00a0<\/a><\/p>\n<p style=\"text-align: justify;\">\n","protected":false},"excerpt":{"rendered":"<p>\u00bfQu\u00e9 es Crecer con amor? Es una capacitaci\u00f3n para que facilitadores de las iglesias, escuelas u organizaciones cristianas puedan realizar talleres con padres, madres, abuelos u otros adultos cuidadores. Los talleres buscan fortalecer en los adultos la valorizaci\u00f3n de los ni\u00f1os, el v\u00ednculo de apego y empat\u00eda, las habilidades de crianza, la capacidad de proteger, [&hellip;]<\/p>\n","protected":false},"author":2,"featured_media":4154,"comment_status":"closed","ping_status":"closed","sticky":false,"template":"","format":"standard","meta":{"_et_pb_use_builder":"","_et_pb_old_content":"","_et_gb_content_width":"","_exactmetrics_skip_tracking":false,"_exactmetrics_sitenote_active":false,"_exactmetrics_sitenote_note":"","_exactmetrics_sitenote_category":0,"footnotes":""},"categories":[48],"tags":[150,46,94,96,151,60,149],"class_list":["post-4153","post","type-post","status-publish","format-standard","has-post-thumbnail","hentry","category-recursos","tag-adultos-promoviendo-el-cuidado-de-ninos","tag-buentrato","tag-capacitacion","tag-desarrollo-del-ninoa-y-adolescente","tag-ninas-y-adolescentes","tag-recurso-para-iglesias","tag-talleres-para-padres"],"_links":{"self":[{"href":"https:\/\/comunidadycambio.org\/nuevo\/wp-json\/wp\/v2\/posts\/4153","targetHints":{"allow":["GET"]}}],"collection":[{"href":"https:\/\/comunidadycambio.org\/nuevo\/wp-json\/wp\/v2\/posts"}],"about":[{"href":"https:\/\/comunidadycambio.org\/nuevo\/wp-json\/wp\/v2\/types\/post"}],"author":[{"embeddable":true,"href":"https:\/\/comunidadycambio.org\/nuevo\/wp-json\/wp\/v2\/users\/2"}],"replies":[{"embeddable":true,"href":"https:\/\/comunidadycambio.org\/nuevo\/wp-json\/wp\/v2\/comments?post=4153"}],"version-history":[{"count":1,"href":"https:\/\/comunidadycambio.org\/nuevo\/wp-json\/wp\/v2\/posts\/4153\/revisions"}],"predecessor-version":[{"id":4155,"href":"https:\/\/comunidadycambio.org\/nuevo\/wp-json\/wp\/v2\/posts\/4153\/revisions\/4155"}],"wp:featuredmedia":[{"embeddable":true,"href":"https:\/\/comunidadycambio.org\/nuevo\/wp-json\/wp\/v2\/media\/4154"}],"wp:attachment":[{"href":"https:\/\/comunidadycambio.org\/nuevo\/wp-json\/wp\/v2\/media?parent=4153"}],"wp:term":[{"taxonomy":"category","embeddable":true,"href":"https:\/\/comunidadycambio.org\/nuevo\/wp-json\/wp\/v2\/categories?post=4153"},{"taxonomy":"post_tag","embeddable":true,"href":"https:\/\/comunidadycambio.org\/nuevo\/wp-json\/wp\/v2\/tags?post=4153"}],"curies":[{"name":"wp","href":"https:\/\/api.w.org\/{rel}","templated":true}]}}