{"id":4162,"date":"2020-03-20T20:13:57","date_gmt":"2020-03-20T23:13:57","guid":{"rendered":"http:\/\/comunidadycambio.org\/nuevo\/?p=4162"},"modified":"2020-03-20T20:16:53","modified_gmt":"2020-03-20T23:16:53","slug":"4162-2","status":"publish","type":"post","link":"https:\/\/comunidadycambio.org\/nuevo\/4162-2\/","title":{"rendered":"Conferencia Online CORONAVIRUS factores positivos para la Salud ambiental"},"content":{"rendered":"<p>Es estos d\u00edas hemos visto comentarios acerca de como este Aislamiento Social ocurrido en varios pa\u00edses del mundo est\u00e1 generando cambios positivos al ambiente. \u00a0Por ello el d\u00eda lunes 23 de marzo Fernando P. Forgioni, miembro del equipo de Comunidad y Cambio. docente \u00a0e investigador de la UNVM nos explicar\u00e1 sobre este tema. Los esperamos VIA ONLINE, a trav\u00e9s del Facebook de Renovemos Nuestro Mundo.<\/p>\n<p>LUNES 23 de Marzo<\/p>\n<p>4 pm hora Per\u00fa, Colombia, Ecuador y Panam\u00e1<\/p>\n<p>6 pm hora Argentina, Chile y Uruguay<\/p>\n<p><img decoding=\"async\" class=\"alignnone size-large wp-image-4163 lazyload\" data-src=\"https:\/\/comunidadycambio.org\/nuevo\/wp-content\/uploads\/2020\/03\/WhatsApp-Image-2020-03-20-at-18.23.12-1024x576.jpeg\" alt=\"WhatsApp Image 2020-03-20 at 18.23.12\" width=\"1024\" height=\"576\" data-srcset=\"https:\/\/comunidadycambio.org\/nuevo\/wp-content\/uploads\/2020\/03\/WhatsApp-Image-2020-03-20-at-18.23.12-1024x576.jpeg 1024w, https:\/\/comunidadycambio.org\/nuevo\/wp-content\/uploads\/2020\/03\/WhatsApp-Image-2020-03-20-at-18.23.12-300x169.jpeg 300w, https:\/\/comunidadycambio.org\/nuevo\/wp-content\/uploads\/2020\/03\/WhatsApp-Image-2020-03-20-at-18.23.12.jpeg 1280w\" data-sizes=\"(max-width: 1024px) 100vw, 1024px\" src=\"data:image\/svg+xml;base64,PHN2ZyB3aWR0aD0iMSIgaGVpZ2h0PSIxIiB4bWxucz0iaHR0cDovL3d3dy53My5vcmcvMjAwMC9zdmciPjwvc3ZnPg==\" style=\"--smush-placeholder-width: 1024px; --smush-placeholder-aspect-ratio: 1024\/576;\" \/><\/p>\n","protected":false},"excerpt":{"rendered":"<p>Es estos d\u00edas hemos visto comentarios acerca de como este Aislamiento Social ocurrido en varios pa\u00edses del mundo est\u00e1 generando cambios positivos al ambiente. \u00a0Por ello el d\u00eda lunes 23 de marzo Fernando P. Forgioni, miembro del equipo de Comunidad y Cambio. docente \u00a0e investigador de la UNVM nos explicar\u00e1 sobre este tema. Los esperamos [&hellip;]<\/p>\n","protected":false},"author":2,"featured_media":0,"comment_status":"closed","ping_status":"closed","sticky":false,"template":"","format":"standard","meta":{"_et_pb_use_builder":"","_et_pb_old_content":"","_et_gb_content_width":"","_exactmetrics_skip_tracking":false,"_exactmetrics_sitenote_active":false,"_exactmetrics_sitenote_note":"","_exactmetrics_sitenote_category":0,"footnotes":""},"categories":[1],"tags":[],"class_list":["post-4162","post","type-post","status-publish","format-standard","hentry","category-sin-categoria"],"_links":{"self":[{"href":"https:\/\/comunidadycambio.org\/nuevo\/wp-json\/wp\/v2\/posts\/4162","targetHints":{"allow":["GET"]}}],"collection":[{"href":"https:\/\/comunidadycambio.org\/nuevo\/wp-json\/wp\/v2\/posts"}],"about":[{"href":"https:\/\/comunidadycambio.org\/nuevo\/wp-json\/wp\/v2\/types\/post"}],"author":[{"embeddable":true,"href":"https:\/\/comunidadycambio.org\/nuevo\/wp-json\/wp\/v2\/users\/2"}],"replies":[{"embeddable":true,"href":"https:\/\/comunidadycambio.org\/nuevo\/wp-json\/wp\/v2\/comments?post=4162"}],"version-history":[{"count":3,"href":"https:\/\/comunidadycambio.org\/nuevo\/wp-json\/wp\/v2\/posts\/4162\/revisions"}],"predecessor-version":[{"id":4166,"href":"https:\/\/comunidadycambio.org\/nuevo\/wp-json\/wp\/v2\/posts\/4162\/revisions\/4166"}],"wp:attachment":[{"href":"https:\/\/comunidadycambio.org\/nuevo\/wp-json\/wp\/v2\/media?parent=4162"}],"wp:term":[{"taxonomy":"category","embeddable":true,"href":"https:\/\/comunidadycambio.org\/nuevo\/wp-json\/wp\/v2\/categories?post=4162"},{"taxonomy":"post_tag","embeddable":true,"href":"https:\/\/comunidadycambio.org\/nuevo\/wp-json\/wp\/v2\/tags?post=4162"}],"curies":[{"name":"wp","href":"https:\/\/api.w.org\/{rel}","templated":true}]}}