{"id":4172,"date":"2020-03-26T21:22:19","date_gmt":"2020-03-27T00:22:19","guid":{"rendered":"http:\/\/comunidadycambio.org\/nuevo\/?p=4172"},"modified":"2020-04-09T12:53:59","modified_gmt":"2020-04-09T15:53:59","slug":"curso-virtual-facilitadores-para-la-participacion-y-protagonismo-de-ninos-ninas-y-adolescentes","status":"publish","type":"post","link":"https:\/\/comunidadycambio.org\/nuevo\/curso-virtual-facilitadores-para-la-participacion-y-protagonismo-de-ninos-ninas-y-adolescentes\/","title":{"rendered":"Curso virtual \u00abFacilitadores para la participaci\u00f3n y protagonismo de ni\u00f1os, ni\u00f1as y adolescentes\u00bb"},"content":{"rendered":"<p><img decoding=\"async\" class=\"alignnone size-large wp-image-4173 lazyload\" data-src=\"https:\/\/comunidadycambio.org\/nuevo\/wp-content\/uploads\/2020\/03\/Curso-virtual-Facilitadores-4ta-edicion-2020_FB_CORR22MAR-1024x768.jpg\" alt=\"Curso virtual Facilitadores - 4ta edicion 2020_FB_CORR22MAR\" width=\"1024\" height=\"768\" data-srcset=\"https:\/\/comunidadycambio.org\/nuevo\/wp-content\/uploads\/2020\/03\/Curso-virtual-Facilitadores-4ta-edicion-2020_FB_CORR22MAR-1024x768.jpg 1024w, https:\/\/comunidadycambio.org\/nuevo\/wp-content\/uploads\/2020\/03\/Curso-virtual-Facilitadores-4ta-edicion-2020_FB_CORR22MAR-300x225.jpg 300w, https:\/\/comunidadycambio.org\/nuevo\/wp-content\/uploads\/2020\/03\/Curso-virtual-Facilitadores-4ta-edicion-2020_FB_CORR22MAR.jpg 1757w\" data-sizes=\"(max-width: 1024px) 100vw, 1024px\" src=\"data:image\/svg+xml;base64,PHN2ZyB3aWR0aD0iMSIgaGVpZ2h0PSIxIiB4bWxucz0iaHR0cDovL3d3dy53My5vcmcvMjAwMC9zdmciPjwvc3ZnPg==\" style=\"--smush-placeholder-width: 1024px; --smush-placeholder-aspect-ratio: 1024\/768;\" \/><\/p>\n<p>Se lanz\u00f3 una nueva edici\u00f3n del curso virtual <em><strong>\u00abFacilitadores para la participaci\u00f3n de ni\u00f1os, ni\u00f1as y adolescentes\u00bb<\/strong><\/em>, que comenzar\u00e1 en abril.<\/p>\n<p>La participaci\u00f3n de los ni\u00f1os, ni\u00f1as y adolescentes se construye junto a los adultos. Es por eso, que desde Claves, Comunidad y Cambio y el Movimiento Juntos por la Ni\u00f1ez lanzamos la cuarta edici\u00f3n de este curso, para que los adultos puedan promover desde su vivencia espacios participactivos para la ni\u00f1ez y la adolescencia.<\/p>\n<p><strong>OBJETIVOS DEL CURSO<\/strong><br \/>\n\u2013 Brindar elementos te\u00f3ricos y pr\u00e1cticos, sobre participaci\u00f3n y protagonismo de ni\u00f1os, ni\u00f1as y adolescentes, a personas que trabajan con y junto a los mismos en iglesias e instituciones cristianas.<br \/>\n\u2013 Favorecer el intercambio de buenas pr\u00e1cticas en participaci\u00f3n y protagonismo, estimulando el an\u00e1lisis cr\u00edtico y la creatividad para la construcci\u00f3n de caminos alternativos de acci\u00f3n.<br \/>\n\u2013 Promover la reflexi\u00f3n de la pr\u00e1ctica a partir de la contextualizaci\u00f3n, integraci\u00f3n y aplicaci\u00f3n de los aprendizajes realizados.<br \/>\n\u2013 Analizar, redise\u00f1ar y resignificar pr\u00e1cticas habituales de las iglesias e instituciones cristianas.<\/p>\n<p>El curso, que est\u00e1 compuesto por cuatro m\u00f3dulos virtuales, comenzar\u00e1 el 22 de abril del presente a\u00f1o y culminar\u00e1 el 7 de julio. Involucra una carga horaria de 60 horas.<\/p>\n<p>Cada semana el equipo docente pondr\u00e1 a disposici\u00f3n una serie de recursos para el abordaje de la tem\u00e1tica que corresponda, entre los cuales se destacan lecturas, videos, canciones, etc. Una bibliograf\u00eda complementaria ampliar\u00e1 la posibilidad de profundizar en la tem\u00e1tica.<\/p>\n<p>Para acceder al documento informativo sobre la propuesta, hacer click en este enlace<\/p>\n<p>Costo del curso: USD 138 (d\u00f3lares americanos)<\/p>\n<p>Consulte por precios especiales para grupos.<\/p>\n<p>Tenemos un peque\u00f1o fondo para brindar becas parciales a quienes precisen y soliciten en el formulario de pre-inscripci\u00f3n.<\/p>\n<p>Cada caso es evaluado por el equipo pedag\u00f3gico, luego se comunica a la persona si es posible el apoyo.<\/p>\n<p><a href=\"https:\/\/forms.gle\/pHd9Fd4FiEVVwCnn8\">FORMULARIO DE PRE-INSCRIPCI\u00d3N<\/a><\/p>\n<p>Por consultas, escribir a cursovirtualparticipacion@gmail.com<\/p>\n","protected":false},"excerpt":{"rendered":"<p>Se lanz\u00f3 una nueva edici\u00f3n del curso virtual \u00abFacilitadores para la participaci\u00f3n de ni\u00f1os, ni\u00f1as y adolescentes\u00bb, que comenzar\u00e1 en abril. La participaci\u00f3n de los ni\u00f1os, ni\u00f1as y adolescentes se construye junto a los adultos. Es por eso, que desde Claves, Comunidad y Cambio y el Movimiento Juntos por la Ni\u00f1ez lanzamos la cuarta edici\u00f3n [&hellip;]<\/p>\n","protected":false},"author":2,"featured_media":4173,"comment_status":"closed","ping_status":"closed","sticky":false,"template":"","format":"standard","meta":{"_et_pb_use_builder":"","_et_pb_old_content":"","_et_gb_content_width":"","_exactmetrics_skip_tracking":false,"_exactmetrics_sitenote_active":false,"_exactmetrics_sitenote_note":"","_exactmetrics_sitenote_category":0,"footnotes":""},"categories":[1],"tags":[94,85,96,86,84],"class_list":["post-4172","post","type-post","status-publish","format-standard","has-post-thumbnail","hentry","category-sin-categoria","tag-capacitacion","tag-curso-virtual","tag-desarrollo-del-ninoa-y-adolescente","tag-facilitadores","tag-ninez-y-adolescencia"],"_links":{"self":[{"href":"https:\/\/comunidadycambio.org\/nuevo\/wp-json\/wp\/v2\/posts\/4172","targetHints":{"allow":["GET"]}}],"collection":[{"href":"https:\/\/comunidadycambio.org\/nuevo\/wp-json\/wp\/v2\/posts"}],"about":[{"href":"https:\/\/comunidadycambio.org\/nuevo\/wp-json\/wp\/v2\/types\/post"}],"author":[{"embeddable":true,"href":"https:\/\/comunidadycambio.org\/nuevo\/wp-json\/wp\/v2\/users\/2"}],"replies":[{"embeddable":true,"href":"https:\/\/comunidadycambio.org\/nuevo\/wp-json\/wp\/v2\/comments?post=4172"}],"version-history":[{"count":4,"href":"https:\/\/comunidadycambio.org\/nuevo\/wp-json\/wp\/v2\/posts\/4172\/revisions"}],"predecessor-version":[{"id":4177,"href":"https:\/\/comunidadycambio.org\/nuevo\/wp-json\/wp\/v2\/posts\/4172\/revisions\/4177"}],"wp:featuredmedia":[{"embeddable":true,"href":"https:\/\/comunidadycambio.org\/nuevo\/wp-json\/wp\/v2\/media\/4173"}],"wp:attachment":[{"href":"https:\/\/comunidadycambio.org\/nuevo\/wp-json\/wp\/v2\/media?parent=4172"}],"wp:term":[{"taxonomy":"category","embeddable":true,"href":"https:\/\/comunidadycambio.org\/nuevo\/wp-json\/wp\/v2\/categories?post=4172"},{"taxonomy":"post_tag","embeddable":true,"href":"https:\/\/comunidadycambio.org\/nuevo\/wp-json\/wp\/v2\/tags?post=4172"}],"curies":[{"name":"wp","href":"https:\/\/api.w.org\/{rel}","templated":true}]}}